{"id":838,"date":"2025-03-26T05:53:00","date_gmt":"2025-03-26T05:53:00","guid":{"rendered":"https:\/\/www.aspe.ro\/?p=838"},"modified":"2025-06-17T05:54:36","modified_gmt":"2025-06-17T05:54:36","slug":"purple-day-2025-ziua-mondiala-de-constientizare-a-epilepsiei-26-martie","status":"publish","type":"post","link":"http:\/\/www.aspe.ro\/index.php\/purple-day-2025-ziua-mondiala-de-constientizare-a-epilepsiei-26-martie\/","title":{"rendered":"Purple Day 2025 \u2013 Ziua Mondial\u0103 de Con\u0219tientizare a Epilepsiei (26 martie)"},"content":{"rendered":"\n<figure class=\"wp-block-embed is-type-wp-embed is-provider-despre-medicina wp-block-embed-despre-medicina\"><div class=\"wp-block-embed__wrapper\">\n<blockquote class=\"wp-embedded-content\" data-secret=\"fuBvmSCg3P\"><a href=\"https:\/\/despre-medicina.ro\/purple-day-2025-ziua-mondiala-de-constientizare-a-epilepsiei\/\">Purple Day 2025 &#8211; Ziua Mondial\u0103 de Con\u0219tientizare a Epilepsiei<\/a><\/blockquote><iframe class=\"wp-embedded-content\" sandbox=\"allow-scripts\" security=\"restricted\" style=\"position: absolute; clip: rect(1px, 1px, 1px, 1px);\" title=\"&#8220;Purple Day 2025 &#8211; Ziua Mondial\u0103 de Con\u0219tientizare a Epilepsiei&#8221; &#8212; Despre medicina\" src=\"https:\/\/despre-medicina.ro\/purple-day-2025-ziua-mondiala-de-constientizare-a-epilepsiei\/embed\/#?secret=BLIl8evFOi#?secret=fuBvmSCg3P\" data-secret=\"fuBvmSCg3P\" width=\"500\" height=\"282\" frameborder=\"0\" marginwidth=\"0\" marginheight=\"0\" scrolling=\"no\"><\/iframe>\n<\/div><\/figure>\n\n\n\n<h4>Purple Day 2025 \u2013 Ziua Mondial\u0103 de Con\u0219tientizare a Epilepsiei<\/h4>\n\n\n\n<p><strong>COMUNICAT DE PRES\u0102<\/strong><br><strong>Bucure\u0219ti, 26 martie 2025<\/strong><br><strong>Purple Day 2025 \u2013 Ziua Mondial\u0103 de Con\u0219tientizare a Epilepsiei<\/strong><\/p>\n\n\n\n<h2><strong>\u00cempreun\u0103 lupt\u0103m, \u00eempreun\u0103 sper\u0103m!<\/strong><\/h2>\n\n\n\n<p><em>\u00cen fiecare an, pe data de 26 martie, se celebreaz\u0103 #<strong>PurpleDay<\/strong>, Ziua Mondial\u0103 de Con\u0219tientizare a Epilepsiei. Cu aceast\u0103 ocazie, Asocia\u021bia Pacien\u021bilor cu Epilepsie din Rom\u00e2nia (ASPERO), membr\u0103 a International Bureau of Epilepsy, atrage aten\u021bia asupra problemelor complexe cu care se confrunt\u0103 persoanele cu epilepsie \u0219i apar\u021bin\u0103torii lor.<\/em><\/p>\n\n\n\n<p>Pentru a identifica nevoile reale ale pacien\u021bilor, ASPERO a realizat un studiu axat pe nou\u0103 domenii esen\u021biale: cuno\u0219tin\u021be despre epilepsie, acces la \u00eengrijiri medicale, siguran\u021b\u0103, educa\u021bie, munc\u0103, transport, via\u021ba de familie, s\u0103n\u0103tate mintal\u0103 \u0219i s\u0103n\u0103tate reproductiv\u0103.<\/p>\n\n\n\n<p>Principala problem\u0103 eviden\u021biat\u0103 de pacien\u021bi \u0219i apar\u021bin\u0103tori este legat\u0103 de lipsa medicamentelor de baz\u0103 \u00een tratamentul epilepsiei.<em>&nbsp;\u201eTragem un semnal de alarm\u0103 cu privire la criza grav\u0103 de medicamente esen\u021biale pentru tratarea acestei afec\u021biuni, pun\u00e2nd \u00een pericol via\u021ba \u0219i stabilitatea pacien\u021bilor, \u00een special a copiilor. Lipsa din ultima perioad\u0103 a tratamentelor necesare cre\u0219te riscul de crize necontrolate, complica\u021bii severe \u0219i afecteaz\u0103 profund calitatea vie\u021bii celor diagnostica\u021bi. Facem un apel urgent c\u0103tre autorit\u0103\u021bi \u0219i distribuitori s\u0103 ia m\u0103suri imediate pentru asigurarea continuit\u0103\u021bii tratamentului, iar presei s\u0103 sprijine aceast\u0103 cauz\u0103, inform\u00e2nd opinia public\u0103 despre impactul dramatic al acestei situa\u021bii asupra pacien\u021bilor \u0219i familiilor lor<\/em>.<em>\u201d \u2013&nbsp;<\/em>declar\u0103&nbsp;<strong>Ileana \u0218tefan, director executiv<\/strong>, Asocia\u021bia Pacien\u021bilor cu Epilepsie din Rom\u00e2nia.<\/p>\n\n\n\n<p>&nbsp;<em>\u201eMedicamentele sunt din ce \u00een ce mai greu de g\u0103sit, continuarea terapiei devine o incertitudine. O lun\u0103 avem medicamente, cealalt\u0103 nu \u0219tim dac\u0103 vom putea asigura acelea\u0219i medicamente copilului nostru. Este o adev\u0103rat\u0103 curs\u0103 \u00een fiecare lun\u0103 pentru ob\u021binerea medicamentelor<\/em><em>\u201d<\/em>&nbsp;\u2013&nbsp;<strong>mesajul disperat al unui p\u0103rinte.<\/strong><\/p>\n\n\n\n<p><em>\u201ePacien\u021bii&nbsp;cu epilepsie ar trebui s\u0103 duc\u0103 o via\u021b\u0103&nbsp;normal\u0103 iar noi suntem aici s\u0103 \u00eei&nbsp;ajut\u0103m. Metodele de diagnostic \u0219i tratament au evoluat semnificativ \u00een acest domeniu, dar ne \u00eentoarcem constant la problema accesului la tratamente inovative, dar mai ales a lipsei de pe pia\u021b\u0103 a tratamentelor care \u0219i-au dovedit eficien\u021ba<\/em>.<em>\u201d<\/em>, men\u021bioneaz\u0103&nbsp;<strong>dr.<\/strong>&nbsp;<strong>Andrei D\u0103neasa<\/strong>, medic specialist epilepsie, Spitalul Universitar de Urgen\u021b\u0103 Elias.<\/p>\n\n\n\n<p>Epilepsia este o afec\u021biune neurologic\u0103 complex\u0103, iar gestionarea ei necesit\u0103 o colaborare str\u00e2ns\u0103 \u00eentre medici, p\u0103rin\u021bi \u0219i copii. Este esen\u021bial ca p\u0103rin\u021bii s\u0103 fie bine informa\u021bi pentru a putea \u00een\u021belege mai bine boala \u0219i pentru a putea face fa\u021b\u0103 provoc\u0103rilor pe care le aduce.<img loading=\"lazy\" width=\"879\" height=\"958\" src=\"https:\/\/ecp.yusercontent.com\/mail?url=https%3A%2F%2Fdespre-medicina.ro%2Fwp-content%2Fuploads%2F2025%2F03%2FINSP_DateStatistice_Epilepsiemodificat-1.jpg&amp;t=1750137234&amp;ymreqid=53ff6834-4723-fb24-1c7a-a7000101e600&amp;sig=O07Bg9oty_qAhLDSFmTVRQ--~D\" alt=\"\"><\/p>\n\n\n\n<p><em>\u201eN<\/em><em>u toate persoanele cu epilepsie au convulsii vizibile sau se confrunt\u0103 cu crize severe. Este important s\u0103 se \u00een\u021beleag\u0103 c\u0103 epilepsia nu define\u0219te \u00eentreaga personalitate a copilului; multe dintre aceste persoane duc o via\u021b\u0103 normal\u0103 \u0219i activ\u0103. \u00cen echipa noastr\u0103, ne concentr\u0103m pe educa\u021bia pacien\u021bilor \u0219i a familiilor acestora, oferind informa\u021bii despre tipurile de epilepsie, op\u021biunile de tratament disponibile \u0219i tehnicile de gestionare a crizelor. De asemenea, sus\u021binem p\u0103rin\u021bii \u00een a-i ajuta pe copii s\u0103 dezvolte abilit\u0103\u021bi sociale \u0219i s\u0103 participe la activit\u0103\u021bi normale, \u00eencuraj\u00e2ndu-i s\u0103 nu se retrag\u0103 din via\u021ba social\u0103 din cauza temerilor legate de boal\u0103. Prin colaborarea str\u00e2ns\u0103 \u0219i prin sprijinul reciproc, p\u0103rin\u021bii, copiii \u0219i echipa medical\u0103 pot g\u0103si \u00eempreun\u0103 solu\u021bii pentru a tr\u0103i o via\u021b\u0103 c\u00e2t mai plin\u0103 de sens, chiar \u0219i \u00een prezen\u021ba epilepsiei<\/em>.<em>\u201d<\/em><em>&nbsp;<\/em><em>&nbsp;\u2013<\/em>&nbsp;<strong>Conf. Dr. Catrinel Iliescu<\/strong>, medic primar \u00een Neurologie Pediatric\u0103 la Clinica de Neurologie Pediatric\u0103 a Spitalului Clinic Prof. Dr. Al.&nbsp;Obregia<\/p>\n\n\n\n<p>Conf. dr. Ioana M\u00eendru\u021b\u0103, medic epileptolog la Spitalul Universitar de Urgen\u021b\u0103 Bucure\u0219ti subliniaz\u0103 la r\u00e2ndul ei importan\u021ba colabor\u0103rii str\u00e2nse \u00eentre pacient \u0219i medic \u00een procesul de diagnosticare a epilepsiei. Aceast\u0103 boal\u0103 neurologic\u0103 necesit\u0103 o abordare atent\u0103, deoarece, de multe ori, pacien\u021bii nu \u00ee\u0219i amintesc detalii clare despre crizele pe care le experimenteaz\u0103. Informa\u021biile oferite de pacient, al\u0103turi de relat\u0103rile martorilor \u0219i circumstan\u021bele \u00een care au avut loc crizele, sunt esen\u021biale pentru un diagnostic precis.<\/p>\n\n\n\n<p><em>\u201e<\/em><em>Este important ca pacien\u021bii s\u0103 fie implica\u021bi activ \u00een acest proces, oferind c\u00e2t mai multe detalii despre simptomele lor, frecven\u021ba \u0219i tipurile de crize, precum \u0219i factorii care ar putea contribui la apari\u021bia acestora. Aceast\u0103 colaborare poate conduce la un&nbsp;<strong>diagnostic<\/strong>&nbsp;corect, care este crucial pentru g\u0103sirea celei mai bune solu\u021bii terapeutice \u0219i, implicit, pentru \u00eembun\u0103t\u0103\u021birea calit\u0103\u021bii vie\u021bii. \u00cencuraj\u0103m pacien\u021bii s\u0103 nu renun\u021be \u00een fa\u021ba dificult\u0103\u021bilor \u00eent\u00e2mpinate \u00een procesul de diagnosticare \u0219i s\u0103 colaboreze cu medicii pentru a ob\u021bine cele mai bune rezultate \u00een gestionarea epilepsiei.<\/em><em>\u201e&nbsp;<\/em>\u2013&nbsp;<strong>Conf. Dr.<\/strong><strong>Ioana M\u00eendru\u021b\u0103<\/strong>, medic epileptolog, SUUB.<\/p>\n\n\n\n<p>\u00cen egal\u0103 m\u0103sur\u0103 e<em>ste&nbsp;<\/em>esen\u021bial ca persoanele cu epilepsie s\u0103 beneficieze de un sprijin adecvat, care s\u0103 le permit\u0103 s\u0103 \u00ee\u0219i exprime liber emo\u021biile \u0219i temerile. \u00cemp\u0103rt\u0103\u0219irea experien\u021belor cu al\u021bii \u0219i c\u0103utarea ajutorului atunci c\u00e2nd este necesar, pot contribui semnificativ la gestionarea bolii. Un mediu de sus\u021binere, caracterizat prin \u00een\u021belegere \u0219i empatie din partea familiei, prietenilor, colegilor \u0219i societ\u0103\u021bii, poate \u00eembun\u0103t\u0103\u021bi considerabil calitatea vie\u021bii acestor persoane.<\/p>\n\n\n\n<p>\u201e<em>Problema pacien\u021bilor cu epilepsie este una dintre numeroasele situa\u021bii \u00een care stigmatizarea \u00eempiedic\u0103 incluziunea social\u0103 \u0219i profesional\u0103. Lipsa de informare duce la percep\u021bii gre\u0219ite. Sunt bucuros de experien\u021ba oferit\u0103 recent de spectacolul&nbsp;<\/em><em>\u2018<\/em><em>Stai jos sau cazi\u2019 organizat&nbsp;<\/em><em>cu ocazia s\u0103rb\u0103toririi a 75 de ani de existen\u021b\u0103 a Teatrului \u201eLuceaf\u0103rul\u201d din Ia\u0219i. Piesa a transmis un mesaj clar \u0219i a reu\u0219it s\u0103 explice nu doar tipurile de epilepsie, ci \u0219i gre\u0219elile pe care oamenii le fac atunci c\u00e2nd intervin \u00een astfel de situa\u021bii. Impactul unui mesaj artistic este mult mai mare dec\u00e2t cel al unei inform\u0103ri obi\u0219nuite<\/em>\u201d, a explicat&nbsp;<strong>Dr. Vasile Cepoi<\/strong>, medic primar la Institutul Regional de Oncologie (IRO) din Ia\u0219i, fost ministru al s\u0103n\u0103t\u0103\u021bii.<\/p>\n\n\n\n<p>Spectacolul \u2018Stai jos au cazi\u2019 este un exemplu de exerci\u021biu de con\u0219tientizare, care demonstreaz\u0103 cum teatrul poate educa \u0219i sensibiliza publicul \u00een fa\u021ba unei probleme medicale reale. El abordeaz\u0103 complexitatea vie\u021bii cu epilepsie, aduc\u00e2nd \u00een prim-plan nu doar simptomele fizice ale afec\u021biunii, ci \u0219i impactul s\u0103u emo\u021bional \u0219i social. Prin intermediul unei pove\u0219ti captivante, piesa reu\u0219e\u0219te s\u0103 demonteze miturile \u0219i prejudec\u0103\u021bile asociate cu epilepsia, invit\u00e2nd publicul s\u0103 \u00een\u021beleag\u0103 mai bine realit\u0103\u021bile cu care se confrunt\u0103 persoanele afectate, iar educa\u021bia \u0219i empatia sunt esen\u021biale pentru integrarea persoanelor care au aceast\u0103 afec\u021biune.<\/p>\n\n\n\n<p>\u201e<em>Prin romanul \u2018Stai jos sau cazi\u2019, mi-am propus s\u0103 normalizez dialogul despre epilepsie, \u00eentr-o lume \u00een&nbsp;care nu se prea vorbe\u0219te despre vulnerabilit\u0103\u021bi. Protagonistul c\u0103r\u021bii caut\u0103 s\u0103-\u0219i accepte condi\u021bia \u0219i s-o&nbsp;\u00eembl\u00e2nzeasc\u0103 prin umor. E Cipri, cu tot cu Epi, nu invers. \u00cendemnul meu e s\u0103 nu ne temem c\u00e2nd vine vorba de epilepsie. P\u0103strarea calmului e un pas important&nbsp;spre acceptarea ei<\/em>.<em>\u201d \u2013 declar<\/em><em>\u0103<\/em><strong>&nbsp;<\/strong><strong>Bogdan Munteanu, scriitor<\/strong>.<\/p>\n\n\n\n<p><em>\u201eAm citit romanul lui Bogdan Munteanu vizualiz\u00e2ndu-l, imagin\u00e2ndu-mi cum ar ar\u0103ta \u00een scen\u0103. Am propus parteneriatul Universit\u0103\u021bii de Medicin\u0103 \u0219i Farmacie \u201eGr.T. Popa\u201d \u0219i \u00eempreun\u0103 am co-produs primul spectacol din Rom\u00e2nia care abordeaz\u0103 teatral tematica bolii ca stigmat, a epilepsiei.&nbsp;<\/em><em>Curatorierea lui este un proiect de medicin\u0103 performativ\u0103 mai mult dec\u00e2t necesar \u00een procesul de con\u0219tientizare comunitar\u0103 a unor problematici invizibilizate de societate.&nbsp;<\/em><em>\u2018<\/em><em>Stai jos sau cazi\u2019 realizat de echipa Teatrului Luceaf\u0103rul Ia\u0219i a fost selectat \u00een Festivalul Na\u021bional de Teatru \u0219i a fost jucat \u00een turneu la Teatrul Odeon Bucure\u0219ti.\u201d,<\/em>&nbsp;adaug\u0103<strong>Olti\u021ba C\u00eentec, teatrolog<\/strong>.<\/p>\n\n\n\n<p>Reac\u021biile celor din jur \u00een fa\u021ba unei crize epileptice sunt descrise de pacien\u021bi ca fiind marcate de fric\u0103 \u0219i ne\u00een\u021belegere, ceea ce accentueaz\u0103 izolarea celor care tr\u0103iesc cu aceast\u0103 boal\u0103. Este important\u0103 educa\u021bia \u00een comunitate, astfel \u00eenc\u00e2t oamenii s\u0103 fie mai bine preg\u0103ti\u021bi s\u0103 r\u0103spund\u0103 cu empatie \u0219i sprijin, nu cu team\u0103, \u0219i s\u0103 construiasc\u0103 o societate mai incluziv\u0103.<\/p>\n\n\n\n<p><em>\u201eProvoc\u0103rile emo\u021bionale resim\u021bite de pacien\u021bi \u0219i familiile lor sunt adesea subestimate, dar au un impact profund asupra calit\u0103\u021bii vie\u021bii.&nbsp;Este esen\u021bial ca aceste familii s\u0103 aib\u0103 acces la resurse adecvate, fie c\u0103 este vorba despre grupuri de sprijin, consiliere psihologic\u0103 sau activit\u0103\u021bi care s\u0103 le permit\u0103 s\u0103 \u00ee\u0219i exprime emo\u021biile \u0219i s\u0103 \u00eemp\u0103rt\u0103\u0219easc\u0103 experien\u021bele. Interven\u021biile timpurii \u0219i suportul psihologic pot ajuta at\u00e2t copiii, c\u00e2t \u0219i familiile s\u0103 dezvolte strategii de coping s\u0103n\u0103toase, s\u0103 \u00eembun\u0103t\u0103\u021beasc\u0103 comunicarea \u0219i s\u0103 construiasc\u0103 rela\u021bii mai puternice \u00een fa\u021ba adversit\u0103\u021bilor. Este important ca profesioni\u0219tii din domeniul s\u0103n\u0103t\u0103\u021bii s\u0103 recunoasc\u0103 aceste provoc\u0103ri \u0219i s\u0103 integreze sprijinul emo\u021bional \u00een planurile de tratament.\u201d \u2013&nbsp;<\/em><strong>Dr. Psih.Monica Bolocan<\/strong>, Clinica Neuroaxis.<\/p>\n\n\n\n<p>Toate aceste aspecte prezentate contureaz\u0103 obiectivul principal al ASPERO, &nbsp;de a promova con\u0219tientizarea \u0219i sprijinul pentru cei afecta\u021bi de epilepsie. Iar pentru a veni cu ac\u021biuni concrete \u00een sprijinul lor, de Purple Day, pe 26 martie asocia\u021bia organizeaz\u0103 un&nbsp;<strong>eveniment online \u2018Pacien\u021bii \u00eentreab\u0103, speciali\u0219tii epileptologi r\u0103spund\u2019<\/strong>&nbsp;adresat la nivel national. Evenimentul va fi transmis live pe pagina de Facebook a asocia\u021biei, \u00eentre orele 19:00 \u2013 21.00, fiind prezen\u021bi medici neurologi speciali\u0219ti, at\u00e2t pentru adul\u021bi c\u00e2t \u0219i pediatri. Vocea pacientului este important\u0103, de aceea evenimentul se axeaz\u0103 pe adresarea de \u00eentreb\u0103ri directe din parte pacien\u021bilor \u0219i apar\u021bin\u0103torilor.<\/p>\n\n\n\n<p>Purple Day este recunoscut\u0103 la nivel global ca Ziua Mondial\u0103 de Con\u0219tientizare a Epilepsiei, o ocazie important\u0103 pentru a distribui informa\u021bii despre aceast\u0103 afec\u021biune neurologic\u0103 des \u00eent\u00e2lnit\u0103 \u0219i pentru a sprijini persoanele afectate de epilepsie.<\/p>\n\n\n\n<p>Te invit\u0103m s\u0103 urm\u0103re\u0219ti campania care se va desf\u0103\u0219ura cu aceast\u0103 ocazie pe canalele de social media ale asocia\u021biei ASPERO \u0219i s\u0103-\u021bi manife\u0219ti solidaritatea \u0219i empatia fa\u021b\u0103 de persoanele care se confrunt\u0103 cu aceast\u0103 afectiune, copii, adulti si familiile lor.<\/p>\n\n\n\n<p>Campania de con\u0219tientizare a epilepsiei din 2025 se desf\u0103\u0219oar\u0103 cu sprijinul: Epiexpert, Angelini Pharma, Desitin Pharma \u0219i Innovative Brain Solutions.<\/p>\n\n\n\n<p>Pagin\u0103 Facebook asocia\u021bie ASPERO:<br><a rel=\"noreferrer noopener\" target=\"_blank\" href=\"https:\/\/www.facebook.com\/profile.php?id=100064495910690\">https:\/\/www.facebook.com\/profile.php?id=100064495910690<\/a><\/p>\n","protected":false},"excerpt":{"rendered":"<p>Purple Day 2025 \u2013 Ziua Mondial\u0103 de Con\u0219tientizare a Epilepsiei COMUNICAT DE PRES\u0102Bucure\u0219ti, 26 martie 2025Purple Day 2025 \u2013 Ziua Mondial\u0103 de Con\u0219tientizare a Epilepsiei \u00cempreun\u0103 lupt\u0103m, \u00eempreun\u0103 sper\u0103m! \u00cen fiecare an, pe data de 26 martie, se celebreaz\u0103 #PurpleDay, Ziua Mondial\u0103 de Con\u0219tientizare a Epilepsiei. Cu aceast\u0103 ocazie, Asocia\u021bia&#8230; <br \/><span class=\"meta-more\"><a href=\"http:\/\/www.aspe.ro\/index.php\/purple-day-2025-ziua-mondiala-de-constientizare-a-epilepsiei-26-martie\/\">Citeste tot articolul &raquo;<\/a><\/span><\/p>\n","protected":false},"author":1,"featured_media":0,"comment_status":"closed","ping_status":"closed","sticky":false,"template":"","format":"standard","meta":{"ngg_post_thumbnail":0},"categories":[1],"tags":[],"_links":{"self":[{"href":"http:\/\/www.aspe.ro\/index.php\/wp-json\/wp\/v2\/posts\/838"}],"collection":[{"href":"http:\/\/www.aspe.ro\/index.php\/wp-json\/wp\/v2\/posts"}],"about":[{"href":"http:\/\/www.aspe.ro\/index.php\/wp-json\/wp\/v2\/types\/post"}],"author":[{"embeddable":true,"href":"http:\/\/www.aspe.ro\/index.php\/wp-json\/wp\/v2\/users\/1"}],"replies":[{"embeddable":true,"href":"http:\/\/www.aspe.ro\/index.php\/wp-json\/wp\/v2\/comments?post=838"}],"version-history":[{"count":1,"href":"http:\/\/www.aspe.ro\/index.php\/wp-json\/wp\/v2\/posts\/838\/revisions"}],"predecessor-version":[{"id":839,"href":"http:\/\/www.aspe.ro\/index.php\/wp-json\/wp\/v2\/posts\/838\/revisions\/839"}],"wp:attachment":[{"href":"http:\/\/www.aspe.ro\/index.php\/wp-json\/wp\/v2\/media?parent=838"}],"wp:term":[{"taxonomy":"category","embeddable":true,"href":"http:\/\/www.aspe.ro\/index.php\/wp-json\/wp\/v2\/categories?post=838"},{"taxonomy":"post_tag","embeddable":true,"href":"http:\/\/www.aspe.ro\/index.php\/wp-json\/wp\/v2\/tags?post=838"}],"curies":[{"name":"wp","href":"https:\/\/api.w.org\/{rel}","templated":true}]}}