{"id":828,"date":"2025-03-01T05:48:00","date_gmt":"2025-03-01T05:48:00","guid":{"rendered":"https:\/\/www.aspe.ro\/?p=828"},"modified":"2025-06-17T05:52:43","modified_gmt":"2025-06-17T05:52:43","slug":"este-un-privilegiu-si-o-onoare-faptul-ca-am-fost-invitata-sa-particip-showcase-aniversar-75-de-ani-de-existenta","status":"publish","type":"post","link":"http:\/\/www.aspe.ro\/index.php\/este-un-privilegiu-si-o-onoare-faptul-ca-am-fost-invitata-sa-particip-showcase-aniversar-75-de-ani-de-existenta\/","title":{"rendered":"Este un privilegiu \u0219i o onoare faptul c\u0103 am fost invitat\u0103 s\u0103 particip Showcase aniversar &#8211; 75 de ani de existent\u0103!"},"content":{"rendered":"\n<p>In cadrul Showcase aniversar &#8211; 75 de ani de existen\u021b\u0103, a fost inclus \u0219i spectacolul &#8220;Stai jos sau cazi&#8221;, unicul spectacol din Rom\u00e2nia care abordeaz\u0103 tema epilepsiei, ca stigmat, discutiile post-spectacol moderate de teatrologul Oltita Cintec, Ileana Stefan, directoarea Asociatia Pacientilor cu Epilepsie din Romania si dl dr.&nbsp;Vasile Cepoi, caruia ii multumim c\u0103 se afla \u00een sal\u0103 \u0219i a contribuit \u00een cadrul discu\u021biei \u00een dubl\u0103 calitate cea de spectator dar si ca medic, au relevat multe aspecte ale leg\u0103turilor art\u0103-medicin\u0103.<\/p>\n\n\n\n<p>Felicit\u0103m \u00eentrega echip\u0103 de actori \u0219i regizori care au pus \u00een scen\u0103 la modul magistral, practic, transpunerea \u00een pielea personajului. Toate acestea constituie numitorul comun, potrivit c\u0103ruia exista mari diferen\u021be intre informa\u021bia extras\u0103 din teorie \u0219i tr\u0103irile efective ale personajului\/pacientului cu epilepsie.<\/p>\n\n\n\n<p>Multumim pentru parteneriat&nbsp;<a rel=\"noreferrer noopener\" target=\"_blank\" href=\"https:\/\/www.facebook.com\/profile.php?id=100063704002417&amp;__cft__%5b0%5d=AZV2MX9OtSRq6b9mbdmyGKJdheYcGrfYGkdNFr2oE-Zip2gMWjqt_Vjbajz0LiaBrCNuaILhLus0zo_Jy77qRemwPTsNn-lLpUf7HAEQ538CzuXFIpHeKSBfayjIUWJb8Fow0T8qde6ZFbm7upqtyns-y3e1gKSo2-NG_EGpa6hW9w&amp;__tn__=-%5dK-R\"><strong>Teatrul Luceafarul Iasi<\/strong><\/a>!<\/p>\n\n\n\n<p>Multumim dnei teatrolog&nbsp;<a rel=\"noreferrer noopener\" target=\"_blank\" href=\"https:\/\/www.facebook.com\/oltita.cintec?__cft__%5b0%5d=AZV2MX9OtSRq6b9mbdmyGKJdheYcGrfYGkdNFr2oE-Zip2gMWjqt_Vjbajz0LiaBrCNuaILhLus0zo_Jy77qRemwPTsNn-lLpUf7HAEQ538CzuXFIpHeKSBfayjIUWJb8Fow0T8qde6ZFbm7upqtyns-y3e1gKSo2-NG_EGpa6hW9w&amp;__tn__=-%5dK-R\"><strong>Oltita Cintec<\/strong><\/a>!<\/p>\n\n\n\n<p>Multumim scriitorului Bogdan Munteanu!<\/p>\n\n\n\n<p>Multumim pentru prima zi superb\u0103 din luna martie, luna con\u0219tientiz\u0103rii epilepsie &#8211; Purple Day 2025!<img loading=\"lazy\" src=\"https:\/\/apis.mail.yahoo.com\/ws\/v3\/mailboxes\/@.id==VjN-zUIxM9_DAvAMFA0neNBa8Qhgo2-F8clOOFpnQR_Eun-Xxi7UexRbpc_s0CXs4xMNUWhjIv2uHVC2R0Wv8Q9VgQ\/messages\/@.id==ALzYq2RTgmuwaFCTwAU0CDZXu94\/content\/parts\/@.id==1.4\/thumbnail?appid=YMailNorrin&amp;downloadWhenThumbnailFails=true&amp;pid=1.4\" alt=\"\ufffd\ufffd\" width=\"16\" height=\"16\"><img loading=\"lazy\" src=\"https:\/\/apis.mail.yahoo.com\/ws\/v3\/mailboxes\/@.id==VjN-zUIxM9_DAvAMFA0neNBa8Qhgo2-F8clOOFpnQR_Eun-Xxi7UexRbpc_s0CXs4xMNUWhjIv2uHVC2R0Wv8Q9VgQ\/messages\/@.id==ALzYq2RTgmuwaFCTwAU0CDZXu94\/content\/parts\/@.id==1.2\/thumbnail?appid=YMailNorrin&amp;downloadWhenThumbnailFails=true&amp;pid=1.2\" alt=\"\ufffd\ufffd\" width=\"16\" height=\"16\"><img loading=\"lazy\" src=\"https:\/\/apis.mail.yahoo.com\/ws\/v3\/mailboxes\/@.id==VjN-zUIxM9_DAvAMFA0neNBa8Qhgo2-F8clOOFpnQR_Eun-Xxi7UexRbpc_s0CXs4xMNUWhjIv2uHVC2R0Wv8Q9VgQ\/messages\/@.id==ALzYq2RTgmuwaFCTwAU0CDZXu94\/content\/parts\/@.id==1.3\/thumbnail?appid=YMailNorrin&amp;downloadWhenThumbnailFails=true&amp;pid=1.3\" alt=\"\ufffd\ufffd\" width=\"16\" height=\"16\"><\/p>\n\n\n\n<p>Multumim Ileana Stefan, directorul ASPERO<\/p>\n\n\n\n<p>Campania Aspero de Purple Day 2025, a \u00eenceput \u0219i va continua pe tot parcursul lunii martie!<\/p>\n\n\n\n<figure class=\"wp-block-gallery has-nested-images columns-default is-cropped\">\n<figure class=\"wp-block-image size-large\"><a href=\"https:\/\/www.aspe.ro\/wp-content\/uploads\/2025\/06\/487379420_1067798782046642_545918704506767932_n.jpg\"><img loading=\"lazy\" width=\"577\" height=\"1024\" data-id=\"829\"  src=\"https:\/\/www.aspe.ro\/wp-content\/uploads\/2025\/06\/487379420_1067798782046642_545918704506767932_n-577x1024.jpg\" alt=\"\" class=\"wp-image-829\" srcset=\"https:\/\/www.aspe.ro\/wp-content\/uploads\/2025\/06\/487379420_1067798782046642_545918704506767932_n-577x1024.jpg 577w, https:\/\/www.aspe.ro\/wp-content\/uploads\/2025\/06\/487379420_1067798782046642_545918704506767932_n-169x300.jpg 169w, https:\/\/www.aspe.ro\/wp-content\/uploads\/2025\/06\/487379420_1067798782046642_545918704506767932_n-768x1364.jpg 768w, https:\/\/www.aspe.ro\/wp-content\/uploads\/2025\/06\/487379420_1067798782046642_545918704506767932_n-865x1536.jpg 865w, https:\/\/www.aspe.ro\/wp-content\/uploads\/2025\/06\/487379420_1067798782046642_545918704506767932_n.jpg 1153w\" sizes=\"(max-width: 577px) 100vw, 577px\" \/><\/a><\/figure>\n\n\n\n<figure class=\"wp-block-image size-large\"><a href=\"https:\/\/www.aspe.ro\/wp-content\/uploads\/2025\/06\/488643241_1067797182046802_8208062263426335749_n.jpg\"><img loading=\"lazy\" width=\"1024\" height=\"683\" data-id=\"830\"  src=\"https:\/\/www.aspe.ro\/wp-content\/uploads\/2025\/06\/488643241_1067797182046802_8208062263426335749_n-1024x683.jpg\" alt=\"\" class=\"wp-image-830\" srcset=\"https:\/\/www.aspe.ro\/wp-content\/uploads\/2025\/06\/488643241_1067797182046802_8208062263426335749_n-1024x683.jpg 1024w, https:\/\/www.aspe.ro\/wp-content\/uploads\/2025\/06\/488643241_1067797182046802_8208062263426335749_n-300x200.jpg 300w, https:\/\/www.aspe.ro\/wp-content\/uploads\/2025\/06\/488643241_1067797182046802_8208062263426335749_n-768x512.jpg 768w, https:\/\/www.aspe.ro\/wp-content\/uploads\/2025\/06\/488643241_1067797182046802_8208062263426335749_n-1536x1024.jpg 1536w, https:\/\/www.aspe.ro\/wp-content\/uploads\/2025\/06\/488643241_1067797182046802_8208062263426335749_n.jpg 2028w\" sizes=\"(max-width: 1024px) 100vw, 1024px\" \/><\/a><\/figure>\n<\/figure>\n","protected":false},"excerpt":{"rendered":"<p>In cadrul Showcase aniversar &#8211; 75 de ani de existen\u021b\u0103, a fost inclus \u0219i spectacolul &#8220;Stai jos sau cazi&#8221;, unicul spectacol din Rom\u00e2nia care abordeaz\u0103 tema epilepsiei, ca stigmat, discutiile post-spectacol moderate de teatrologul Oltita Cintec, Ileana Stefan, directoarea Asociatia Pacientilor cu Epilepsie din Romania si dl dr.&nbsp;Vasile Cepoi, caruia&#8230; <br \/><span class=\"meta-more\"><a href=\"http:\/\/www.aspe.ro\/index.php\/este-un-privilegiu-si-o-onoare-faptul-ca-am-fost-invitata-sa-particip-showcase-aniversar-75-de-ani-de-existenta\/\">Citeste tot articolul &raquo;<\/a><\/span><\/p>\n","protected":false},"author":1,"featured_media":829,"comment_status":"closed","ping_status":"closed","sticky":false,"template":"","format":"standard","meta":{"ngg_post_thumbnail":0},"categories":[1],"tags":[],"_links":{"self":[{"href":"http:\/\/www.aspe.ro\/index.php\/wp-json\/wp\/v2\/posts\/828"}],"collection":[{"href":"http:\/\/www.aspe.ro\/index.php\/wp-json\/wp\/v2\/posts"}],"about":[{"href":"http:\/\/www.aspe.ro\/index.php\/wp-json\/wp\/v2\/types\/post"}],"author":[{"embeddable":true,"href":"http:\/\/www.aspe.ro\/index.php\/wp-json\/wp\/v2\/users\/1"}],"replies":[{"embeddable":true,"href":"http:\/\/www.aspe.ro\/index.php\/wp-json\/wp\/v2\/comments?post=828"}],"version-history":[{"count":1,"href":"http:\/\/www.aspe.ro\/index.php\/wp-json\/wp\/v2\/posts\/828\/revisions"}],"predecessor-version":[{"id":837,"href":"http:\/\/www.aspe.ro\/index.php\/wp-json\/wp\/v2\/posts\/828\/revisions\/837"}],"wp:featuredmedia":[{"embeddable":true,"href":"http:\/\/www.aspe.ro\/index.php\/wp-json\/wp\/v2\/media\/829"}],"wp:attachment":[{"href":"http:\/\/www.aspe.ro\/index.php\/wp-json\/wp\/v2\/media?parent=828"}],"wp:term":[{"taxonomy":"category","embeddable":true,"href":"http:\/\/www.aspe.ro\/index.php\/wp-json\/wp\/v2\/categories?post=828"},{"taxonomy":"post_tag","embeddable":true,"href":"http:\/\/www.aspe.ro\/index.php\/wp-json\/wp\/v2\/tags?post=828"}],"curies":[{"name":"wp","href":"https:\/\/api.w.org\/{rel}","templated":true}]}}