{"id":824,"date":"2025-02-28T05:42:00","date_gmt":"2025-02-28T05:42:00","guid":{"rendered":"https:\/\/www.aspe.ro\/?p=824"},"modified":"2025-06-17T05:48:11","modified_gmt":"2025-06-17T05:48:11","slug":"28-februarie-2025-ziua-internationala-a-bolilor-rare","status":"publish","type":"post","link":"http:\/\/www.aspe.ro\/index.php\/28-februarie-2025-ziua-internationala-a-bolilor-rare\/","title":{"rendered":"28 februarie 2025 &#8211; Ziua Interna\u021bional\u0103 a Bolilor Rare"},"content":{"rendered":"\n<p>Ziua Interna\u021bional\u0103&nbsp;a Bolilor Rare este organizat\u0103&nbsp;anual pentru a cre\u0219te con\u0219tientizarea asupra bolilor rare inclusiv impactul lor asupra vie\u021bii pacien\u021bilor&nbsp;\u0219i familiilor lor<br>O boal\u0103&nbsp;rar\u0103&nbsp;este o boal\u0103&nbsp;care afecteaz\u0103&nbsp;mai pu\u021bin de 1 din 2000 de persoane.<\/p>\n\n\n\n<p><img loading=\"lazy\" src=\"https:\/\/apis.mail.yahoo.com\/ws\/v3\/mailboxes\/@.id==VjN-zUIxM9_DAvAMFA0neNBa8Qhgo2-F8clOOFpnQR_Eun-Xxi7UexRbpc_s0CXs4xMNUWhjIv2uHVC2R0Wv8Q9VgQ\/messages\/@.id==ABxBA3ARWbVgaFCSjweB4G_e9ow\/content\/parts\/@.id==1.4\/thumbnail?appid=YMailNorrin&amp;downloadWhenThumbnailFails=true&amp;pid=1.4\" alt=\"\u2705\" width=\"16\" height=\"16\">\u00cen Rom\u00e2nia, \u00een eviden\u021be se afl\u0103&nbsp;peste 8.000 de persoane cu boli rare, dar se estimeaz\u0103&nbsp;c\u0103&nbsp;num\u0103rul acestora este posibil mult mai mare. O mare provocare cu care&nbsp;\u0163ara noastr\u0103&nbsp;se confrunt\u0103&nbsp;este realizarea screening-ului neonatal; este important\u0103&nbsp;comunicarea cu p\u0103rin\u021bii \u00eenc\u0103&nbsp;din timpul sarcinii,&nbsp;\u015fi trimiterea acestora c\u0103tre centre specializate deoarece este esen\u0163ial\u0103&nbsp;testarea nou-n\u0103scutului \u00eentr-un interval scurt de timp dup\u0103&nbsp;na\u0219tere, pentru a descoperi boli congenitale rare \u00een perioada pre-simptomatic\u0103, c\u00e2nd detec\u021bia timpurie&nbsp;\u0219i tratamentul sunt cruciale pentru a preveni consecin\u021be ireversibile asupra s\u0103n\u0103t\u0103\u021bii sau chiar decesul.<br><img loading=\"lazy\" src=\"https:\/\/apis.mail.yahoo.com\/ws\/v3\/mailboxes\/@.id==VjN-zUIxM9_DAvAMFA0neNBa8Qhgo2-F8clOOFpnQR_Eun-Xxi7UexRbpc_s0CXs4xMNUWhjIv2uHVC2R0Wv8Q9VgQ\/messages\/@.id==ABxBA3ARWbVgaFCSjweB4G_e9ow\/content\/parts\/@.id==1.3\/thumbnail?appid=YMailNorrin&amp;downloadWhenThumbnailFails=true&amp;pid=1.3\" alt=\"\u2705\" width=\"16\" height=\"16\">Se estimeaz\u0103&nbsp;c\u0103&nbsp;aproximativ 5% din cet\u0103\u021benii lumii sunt afecta\u021bi de o boal\u0103&nbsp;rar\u0103, ceea ce \u00eenseamn\u0103&nbsp;c\u0103&nbsp;un num\u0103r de 300 de milioane de persoane tr\u0103iesc cu aceste afec\u0163iuni, aproape echivalentul popula\u021biei Statelor Unite ale Americii;<br><img loading=\"lazy\" src=\"https:\/\/apis.mail.yahoo.com\/ws\/v3\/mailboxes\/@.id==VjN-zUIxM9_DAvAMFA0neNBa8Qhgo2-F8clOOFpnQR_Eun-Xxi7UexRbpc_s0CXs4xMNUWhjIv2uHVC2R0Wv8Q9VgQ\/messages\/@.id==ABxBA3ARWbVgaFCSjweB4G_e9ow\/content\/parts\/@.id==1.6\/thumbnail?appid=YMailNorrin&amp;downloadWhenThumbnailFails=true&amp;pid=1.6\" alt=\"\u2705\" width=\"16\" height=\"16\">&nbsp;Lipsa informa\u0163iilor&nbsp;\u015ftiin\u0163ifice&nbsp;\u015fi de calitate asupra bolii are ca rezultat adesea o \u00eent\u00e2rziere a diagnosticului.&nbsp;Necesitatea unei \u00eengrijiri medicale adecvate genereaz\u0103&nbsp;inegalit\u0103\u0163i&nbsp;\u015fi dificult\u0103\u0163i \u00een accesul la tratament&nbsp;\u015fi \u00eengrijire a pacien\u0163ilor. Din cauza marii diversit\u0103\u0163i a tulbur\u0103rilor&nbsp;\u015fi a simptomelor relativ comune care pot ascunde bolile rare subiacente, diagnosticul ini\u0163ial gre\u015fit este foarte frecvent.<br><img loading=\"lazy\" src=\"https:\/\/apis.mail.yahoo.com\/ws\/v3\/mailboxes\/@.id==VjN-zUIxM9_DAvAMFA0neNBa8Qhgo2-F8clOOFpnQR_Eun-Xxi7UexRbpc_s0CXs4xMNUWhjIv2uHVC2R0Wv8Q9VgQ\/messages\/@.id==ABxBA3ARWbVgaFCSjweB4G_e9ow\/content\/parts\/@.id==1.2\/thumbnail?appid=YMailNorrin&amp;downloadWhenThumbnailFails=true&amp;pid=1.2\" alt=\"\u2705\" width=\"16\" height=\"16\">&nbsp;72% dintre bolile rare sunt genetice, celelalte fiind rezultatul infec\u021biilor virale sau bacteriene, alergiilor, factorilor din mediul \u00eenconjur\u0103tor sau sunt cancere rare;<br>multe boli rare sunt cronice&nbsp;\u0219i progresive, fapt care duce la o calitate sc\u0103zut\u0103&nbsp;a vie\u021bii pacien\u021bilor, izolare&nbsp;\u0219i stigmatizare.<br><img loading=\"lazy\" src=\"https:\/\/apis.mail.yahoo.com\/ws\/v3\/mailboxes\/@.id==VjN-zUIxM9_DAvAMFA0neNBa8Qhgo2-F8clOOFpnQR_Eun-Xxi7UexRbpc_s0CXs4xMNUWhjIv2uHVC2R0Wv8Q9VgQ\/messages\/@.id==ABxBA3ARWbVgaFCSjweB4G_e9ow\/content\/parts\/@.id==1.5\/thumbnail?appid=YMailNorrin&amp;downloadWhenThumbnailFails=true&amp;pid=1.5\" alt=\"\u2705\" width=\"16\" height=\"16\">&nbsp;70% dintre bolile rare genetice, debuteaz\u0103&nbsp;\u00een copil\u0103rie;<br>aproape 1 din 5 cancere este estimat ca fiind cancer rar exist\u00e2nd \u00een jur de 200 de tipuri de cancere rare;<\/p>\n\n\n\n<p>Sursa DSP\u00a0<\/p>\n\n\n\n<figure class=\"wp-block-image size-large\"><a href=\"https:\/\/www.aspe.ro\/wp-content\/uploads\/2025\/06\/486668393_1065053735654480_1123455882739258452_n.jpg\"><img loading=\"lazy\" width=\"1024\" height=\"512\" src=\"https:\/\/www.aspe.ro\/wp-content\/uploads\/2025\/06\/486668393_1065053735654480_1123455882739258452_n-1024x512.jpg\" alt=\"\" class=\"wp-image-825\" srcset=\"https:\/\/www.aspe.ro\/wp-content\/uploads\/2025\/06\/486668393_1065053735654480_1123455882739258452_n-1024x512.jpg 1024w, https:\/\/www.aspe.ro\/wp-content\/uploads\/2025\/06\/486668393_1065053735654480_1123455882739258452_n-300x150.jpg 300w, https:\/\/www.aspe.ro\/wp-content\/uploads\/2025\/06\/486668393_1065053735654480_1123455882739258452_n-768x384.jpg 768w, https:\/\/www.aspe.ro\/wp-content\/uploads\/2025\/06\/486668393_1065053735654480_1123455882739258452_n-1536x768.jpg 1536w, https:\/\/www.aspe.ro\/wp-content\/uploads\/2025\/06\/486668393_1065053735654480_1123455882739258452_n.jpg 1600w\" sizes=\"(max-width: 1024px) 100vw, 1024px\" \/><\/a><\/figure>\n\n\n\n<p>3.&nbsp;Sindromul Dravet<\/p>\n\n\n\n<p>Sindromul Dravet, este o form\u0103&nbsp;rar\u0103&nbsp;\u015fi foarte grav\u0103&nbsp;de epilepsie, cunoscut&nbsp;\u015fi sub denumirea de Epilepsie Mioclonic\u0103&nbsp;Infantil\u0103&nbsp;Sever\u0103&nbsp;(EMIS), pentru care nu exist\u0103, \u00een prezent, nicio modalitate de vindecare. Cel mai adesea, copii mici sunt afectati de aceasta boala si prezinta convulsii frecvente si in forma severa, care sunt, de obicei, rezistente la tratament. Potrivit specialistilor, sindromul Dravet afecteaza unul din 15.700 de copii in intreaga lume.<br>Un aspect deosebit de important al copiilor cu sindrom Dravet \u00eel reprezinta faptul ca au un risc crescut de SUDEP (sudden unexplained death in epilepsy \u2013 moarte subit\u0103&nbsp;\u00een epilepsie)&nbsp;\u015fi se confrunt\u0103&nbsp;\u015fi cu alte condi\u0163ii amenin\u021b\u0103toare de viata care trebuie, de asemenea, tratate cu aten\u0163ie.<br>Pot ap\u0103rea&nbsp;\u0219i alte efecte, cum ar fi instabilitate la mers (ataxie), probleme de comportament sau de alimenta\u021bie.<br>\u00cen ultimii ani, au fost \u00eenregistrate progrese majore cu privire la sindromul Dravet. Acestea se refer\u0103&nbsp;la tratament&nbsp;\u0219i la \u00een\u0163elegerea cauzei.<\/p>\n\n\n\n<p><img loading=\"lazy\" src=\"https:\/\/apis.mail.yahoo.com\/ws\/v3\/mailboxes\/@.id==VjN-zUIxM9_DAvAMFA0neNBa8Qhgo2-F8clOOFpnQR_Eun-Xxi7UexRbpc_s0CXs4xMNUWhjIv2uHVC2R0Wv8Q9VgQ\/messages\/@.id==ABxBA3ARWbVgaFCSjweB4G_e9ow\/content\/parts\/@.id==1.8\/thumbnail?appid=YMailNorrin&amp;downloadWhenThumbnailFails=true&amp;pid=1.8\" alt=\"\u2705\" width=\"16\" height=\"16\">&nbsp;Exist\u0103&nbsp;tot mai multe dovezi c\u0103&nbsp;anumite medicamente&nbsp;\u0219i combina\u0163ii de medicamente sunt mai bune pentru controlul convulsiilor \u00een acest sindrom. C\u00e2nd crizele sunt&nbsp;\u0163inute sub control, copilul este mai \u00een m\u0103sur\u0103&nbsp;s\u0103&nbsp;\u00eenve\u0163e&nbsp;\u0219i s\u0103&nbsp;fac\u0103&nbsp;progrese<br><img loading=\"lazy\" src=\"https:\/\/apis.mail.yahoo.com\/ws\/v3\/mailboxes\/@.id==VjN-zUIxM9_DAvAMFA0neNBa8Qhgo2-F8clOOFpnQR_Eun-Xxi7UexRbpc_s0CXs4xMNUWhjIv2uHVC2R0Wv8Q9VgQ\/messages\/@.id==ABxBA3ARWbVgaFCSjweB4G_e9ow\/content\/parts\/@.id==1.7\/thumbnail?appid=YMailNorrin&amp;downloadWhenThumbnailFails=true&amp;pid=1.7\" alt=\"\u2705\" width=\"16\" height=\"16\">&nbsp;Al doilea aspect important a fost descoperirea faptului c\u0103&nbsp;majoritatea copiilor cu Sindrom Dravet au o muta\u0163ie a genei SCN1A.<\/p>\n\n\n\n<p><a rel=\"noreferrer noopener\" target=\"_blank\" href=\"https:\/\/www.facebook.com\/hashtag\/dravetsindrom?__eep__=6&amp;__tn__=*NK*F\"><strong>#DravetSindrom<\/strong><\/a><a rel=\"noreferrer noopener\" target=\"_blank\" href=\"https:\/\/www.facebook.com\/hashtag\/epilepsierar%C4%83%C8%99icomplex%C4%83?__eep__=6&amp;__tn__=*NK*F\"><strong>#epilepsierar\u0103\u0219icomplex\u0103<\/strong><\/a><a rel=\"noreferrer noopener\" target=\"_blank\" href=\"https:\/\/www.facebook.com\/hashtag\/rarediseaseday2025?__eep__=6&amp;__tn__=*NK*F\"><strong>#RareDiseaseDay2025<\/strong><\/a><\/p>\n\n\n\n<p>Surse de referinta:<\/p>\n\n\n\n<p>What Is Dravet Syndrome &#8211; Dravet Syndrome Foundation<br>\u201cDravet Syndrome: What Is It, Treatment, and More.\u201d Healthline\u00a0<\/p>\n\n\n\n<figure class=\"wp-block-gallery has-nested-images columns-default is-cropped\">\n<figure class=\"wp-block-image size-large\"><a href=\"https:\/\/www.aspe.ro\/wp-content\/uploads\/2025\/06\/487674878_1065350818958105_651499708823186401_n.jpg\"><img loading=\"lazy\" width=\"506\" height=\"469\" data-id=\"826\"  src=\"https:\/\/www.aspe.ro\/wp-content\/uploads\/2025\/06\/487674878_1065350818958105_651499708823186401_n.jpg\" alt=\"\" class=\"wp-image-826\" srcset=\"https:\/\/www.aspe.ro\/wp-content\/uploads\/2025\/06\/487674878_1065350818958105_651499708823186401_n.jpg 506w, https:\/\/www.aspe.ro\/wp-content\/uploads\/2025\/06\/487674878_1065350818958105_651499708823186401_n-300x278.jpg 300w\" sizes=\"(max-width: 506px) 100vw, 506px\" \/><\/a><\/figure>\n<\/figure>\n","protected":false},"excerpt":{"rendered":"<p>Ziua Interna\u021bional\u0103&nbsp;a Bolilor Rare este organizat\u0103&nbsp;anual pentru a cre\u0219te con\u0219tientizarea asupra bolilor rare inclusiv impactul lor asupra vie\u021bii pacien\u021bilor&nbsp;\u0219i familiilor lorO boal\u0103&nbsp;rar\u0103&nbsp;este o boal\u0103&nbsp;care afecteaz\u0103&nbsp;mai pu\u021bin de 1 din 2000 de persoane. \u00cen Rom\u00e2nia, \u00een eviden\u021be se afl\u0103&nbsp;peste 8.000 de persoane cu boli rare, dar se estimeaz\u0103&nbsp;c\u0103&nbsp;num\u0103rul acestora este posibil&#8230; <br \/><span class=\"meta-more\"><a href=\"http:\/\/www.aspe.ro\/index.php\/28-februarie-2025-ziua-internationala-a-bolilor-rare\/\">Citeste tot articolul &raquo;<\/a><\/span><\/p>\n","protected":false},"author":1,"featured_media":826,"comment_status":"closed","ping_status":"closed","sticky":false,"template":"","format":"standard","meta":{"ngg_post_thumbnail":0},"categories":[1],"tags":[],"_links":{"self":[{"href":"http:\/\/www.aspe.ro\/index.php\/wp-json\/wp\/v2\/posts\/824"}],"collection":[{"href":"http:\/\/www.aspe.ro\/index.php\/wp-json\/wp\/v2\/posts"}],"about":[{"href":"http:\/\/www.aspe.ro\/index.php\/wp-json\/wp\/v2\/types\/post"}],"author":[{"embeddable":true,"href":"http:\/\/www.aspe.ro\/index.php\/wp-json\/wp\/v2\/users\/1"}],"replies":[{"embeddable":true,"href":"http:\/\/www.aspe.ro\/index.php\/wp-json\/wp\/v2\/comments?post=824"}],"version-history":[{"count":1,"href":"http:\/\/www.aspe.ro\/index.php\/wp-json\/wp\/v2\/posts\/824\/revisions"}],"predecessor-version":[{"id":827,"href":"http:\/\/www.aspe.ro\/index.php\/wp-json\/wp\/v2\/posts\/824\/revisions\/827"}],"wp:featuredmedia":[{"embeddable":true,"href":"http:\/\/www.aspe.ro\/index.php\/wp-json\/wp\/v2\/media\/826"}],"wp:attachment":[{"href":"http:\/\/www.aspe.ro\/index.php\/wp-json\/wp\/v2\/media?parent=824"}],"wp:term":[{"taxonomy":"category","embeddable":true,"href":"http:\/\/www.aspe.ro\/index.php\/wp-json\/wp\/v2\/categories?post=824"},{"taxonomy":"post_tag","embeddable":true,"href":"http:\/\/www.aspe.ro\/index.php\/wp-json\/wp\/v2\/tags?post=824"}],"curies":[{"name":"wp","href":"https:\/\/api.w.org\/{rel}","templated":true}]}}