{"id":818,"date":"2025-02-10T05:34:00","date_gmt":"2025-02-10T05:34:00","guid":{"rendered":"https:\/\/www.aspe.ro\/?p=818"},"modified":"2025-06-17T05:41:22","modified_gmt":"2025-06-17T05:41:22","slug":"10-februarie-ziua-internationala-a-epilepsiei-este-o-initiativa-anuala-de-constientizare-organizata-de-biroul-international-pentru-epilepsie-ibe-si-liga-internationala-impotriva-epilepsiei-i","status":"publish","type":"post","link":"http:\/\/www.aspe.ro\/index.php\/10-februarie-ziua-internationala-a-epilepsiei-este-o-initiativa-anuala-de-constientizare-organizata-de-biroul-international-pentru-epilepsie-ibe-si-liga-internationala-impotriva-epilepsiei-i\/","title":{"rendered":"10 februarie &#8211;\u00a0Ziua Interna\u021bional\u0103 a Epilepsiei este o ini\u021biativ\u0103 anual\u0103 de con\u0219tientizare organizat\u0103 de Biroul Interna\u021bional pentru Epilepsie (IBE) \u0219i Liga Interna\u021bional\u0103 \u00cempotriva Epilepsiei (ILAE)."},"content":{"rendered":"\n<p><strong>Ziua Interna\u021bional\u0103 a Epilepsiei este acum mai important\u0103 ca niciodat\u0103.<\/strong><\/p>\n\n\n\n<p>Ziua Interna\u021bional\u0103 a Epilepsiei este o ini\u021biativ\u0103 cheie pe care comunitatea epilepsiei o va folosi pentru a impulsiona implementarea Planului de Ac\u021biune Global Intersectorial pe 10 ani al Organiza\u021biei Mondiale a S\u0103n\u0103t\u0103\u021bii [OMS] privind Epilepsia \u0219i alte Tulbur\u0103ri Neurologice (2022-2031) sau IGAP.<\/p>\n\n\n\n<p>IGAP este o foaie de parcurs pe zece ani care con\u021bine un obiectiv strategic specific pentru consolidarea abord\u0103rii de s\u0103n\u0103tate public\u0103 a epilepsiei \u0219i dou\u0103 \u021binte globale care vizeaz\u0103 eliminarea lacunelor majore \u00een tratament \u0219i incluziune pentru persoanele cu epilepsie la nivel mondial:<\/p>\n\n\n\n<p>\u021ainta global\u0103 5.1: P\u00e2n\u0103 \u00een 2031, \u021b\u0103rile vor fi crescut acoperirea serviciilor pentru epilepsie cu 50% fa\u021b\u0103 de acoperirea actual\u0103 din 2021. \u021ainta global\u0103 5.2: 80% dintre \u021b\u0103ri \u00ee\u0219i vor fi dezvoltat sau actualizat legisla\u021bia \u00een vederea promov\u0103rii \u0219i protej\u0103rii drepturilor omului ale persoanelor cu epilepsie p\u00e2n\u0103 \u00een 2031.<\/p>\n\n\n\n<p>Atingerea acestor \u021binte globale ar trebui s\u0103 \u00eensemne c\u0103 persoanele cu epilepsie au un acces mai bun la \u00eengrijire, dar beneficiaz\u0103 \u0219i de o incluziune social\u0103 sporit\u0103 \u00een toate sectoarele societ\u0103\u021bilor noastre, \u00een conformitate cu drepturile lor umane.<\/p>\n\n\n\n<p>Epilepsia este mai mult dec\u00e2t simple convulsii \u0219i, prin urmare, \u00een aceast\u0103 #ZiuaEpilepsiei, le cerem persoanelor cu epilepsie \u0219i celor care le \u00eengrijesc s\u0103 \u00ee\u0219i \u00eemp\u0103rt\u0103\u0219easc\u0103 nevoile cotidiene neacoperite \u00een c\u0103l\u0103toria lor individual\u0103 a epilepsiei.<\/p>\n\n\n\n<p>Astfel de eforturi complementare vor asigura c\u0103 persoanele cu epilepsie primesc \u00eengrijirea medical\u0103 de care au nevoie, asigur\u00e2ndu-se \u00een acela\u0219i timp c\u0103 nevoile lor zilnice sunt abordate, astfel \u00eenc\u00e2t s\u0103 poat\u0103 tr\u0103i via\u021ba la maximum.<\/p>\n\n\n\n<p><strong>O problema controversata inca<\/strong><\/p>\n\n\n\n<p>In ciuda faptului ca epilepsia este una dintre cele mai vechi afectiuni, teama publica si neintelegerea cu privire la epilepsie inca persista, determinand multe persoane sa fie reticente in a vorbi despre aceasta. In cazul multor persoane care traiesc cu epilepsie, prejudecatile si discriminarea pot fi mai dificil de depasit decat convulsiile in sine. Ziua Internationala a Epilepsiei isi propune sa creasca nivelul de constientizare si de educare in randul publicului general asupra statisticilor reale legate de epilepsie si asupra nevoii urgente pentru imbunatatirea tratamentului, ingrijirea mai buna si investitiile mai consistente in cercetarea asupra bolii.<\/p>\n\n\n\n<p><strong>Ce este epilepsia?<\/strong><\/p>\n\n\n\n<p>Epilepsia este o boala cronica a creierului care afecteaza aproximativ 65 de milioane de oameni in intreaga lume, conform cercetatorilor. Boala se manifesta prin convulsii recurente, episoade scurte de miscare involuntara ce pot implica o parte a corpului (epilepsie partiala) sau intregul corp (epilepsie generalizata), uneori fiind insotite de pierderea cunostintei si a controlului functiilor intestinului gros sau ale vezicii urinare. Epilepsia apare ca urmare a unei activitati anormale in creier, care determina convulsii comportament sau senzatii neobisnuite. Convulsiile pot afecta diverse procese coordonate de acesta. Principalele simptome ale epilepsiei includ:<\/p>\n\n\n\n<ul><li>o stare de confuzie<\/li><li>miscari necontrolabile ale mainilor si picioarelor<\/li><li>pierderea cunostintei sau o stare de alienare fata de mediul inconjurator<\/li><li>senzatie de frica sau anxietate.<\/li><\/ul>\n\n\n\n<p>In general, persoanele afectate de epilepsie tind sa aiba aceleasi simptome de la o criza la alta.<\/p>\n\n\n\n<p><strong>Statistici<\/strong><\/p>\n\n\n\n<ul><li>65 de milioane de persoane la nivel global sufera de epilepsie<\/li><li>4-10 persoane din 1000 la nivel traiesc cu convulsii<\/li><li>O treime din persoanele cu epilepsie traiesc cu convulsii incontrolabile deoarece nici un tratament disponibil nu functioneaza in cazul lor<\/li><li>Pentru 6 din 10 persoane cu epilepsie cauza este necunoscuta<\/li><li>4 din 10 persoane din lumea industrializata nu primesc tratamentul potrivit<\/li><li>8 din 10 persoane din tarile in curs de dezvoltare nu primesc tratamentul potrivit<\/li><\/ul>\n\n\n\n<p>&#8220;Lupta cu\u00a0<a rel=\"noreferrer noopener\" href=\"https:\/\/www.facebook.com\/hashtag\/epilepsia?__eep__=6&amp;__tn__=*NK*F\" target=\"_blank\"><strong>#epilepsia<\/strong><\/a>\u00a0nu este u\u0219oar\u0103, dar\u00a0\u0219tiu c\u0103\u00a0e\u0219ti mai puternic\/\u0103\u00a0dec\u00e2t orice provocare, ai \u00eencredere \u00een for\u021ba ta interioar\u0103! Accept\u0103, empatizeaz\u0103, ac\u021bioneaz\u0103! Fiecare zi este o nou\u0103\u00a0\u0219ans\u0103\u00a0s\u0103\u00a0te sim\u021bi mai bine. Ai \u00eencredere \u00een tine\u00a0\u0219i continu\u0103\u00a0s\u0103\u00a0lup\u021bi cu optimism! \u00cenfrunt\u0103\u00a0boala cu curaj\u00a0\u0219i credin\u021b\u0103! E\u0219ti mult mai puternic dec\u00e2t crezi\u00a0\u0219i fiecare zi te aduce mai aproape de victorie!<br><br>Impreun\u0103\u00a0reu\u0219im s\u0103\u00a0ducem cu to\u021bii o via\u021b\u0103\u00a0c\u00e2t mai bun\u0103!&#8221;<br><br>Ileana\u00a0\u0218tefan, director executiv\u00a0<a rel=\"noreferrer noopener\" href=\"https:\/\/www.facebook.com\/hashtag\/aspero?__eep__=6&amp;__tn__=*NK*F\" target=\"_blank\"><strong>#ASPERO<\/strong><\/a>\u00a0<a rel=\"noreferrer noopener\" href=\"https:\/\/www.facebook.com\/hashtag\/romania?__eep__=6&amp;__tn__=*NK*F\" target=\"_blank\"><strong>#Romania<\/strong><\/a><\/p>\n\n\n\n<figure class=\"wp-block-image\"><img\/><\/figure>\n\n\n\n<figure class=\"wp-block-gallery has-nested-images columns-default is-cropped\">\n<figure class=\"wp-block-image\"><img\/><\/figure>\n<\/figure>\n\n\n\n<figure class=\"wp-block-image\"><img\/><\/figure>\n\n\n\n<figure class=\"wp-block-gallery has-nested-images columns-default is-cropped\">\n<figure class=\"wp-block-image size-large\"><a href=\"https:\/\/www.aspe.ro\/wp-content\/uploads\/2025\/06\/484143987_1054829460010241_4411705446764500120_n-1.jpg\"><img loading=\"lazy\" width=\"1024\" height=\"1024\" data-id=\"821\"  src=\"https:\/\/www.aspe.ro\/wp-content\/uploads\/2025\/06\/484143987_1054829460010241_4411705446764500120_n-1-1024x1024.jpg\" alt=\"\" class=\"wp-image-821\" srcset=\"https:\/\/www.aspe.ro\/wp-content\/uploads\/2025\/06\/484143987_1054829460010241_4411705446764500120_n-1-1024x1024.jpg 1024w, https:\/\/www.aspe.ro\/wp-content\/uploads\/2025\/06\/484143987_1054829460010241_4411705446764500120_n-1-300x300.jpg 300w, https:\/\/www.aspe.ro\/wp-content\/uploads\/2025\/06\/484143987_1054829460010241_4411705446764500120_n-1-150x150.jpg 150w, https:\/\/www.aspe.ro\/wp-content\/uploads\/2025\/06\/484143987_1054829460010241_4411705446764500120_n-1-768x768.jpg 768w, https:\/\/www.aspe.ro\/wp-content\/uploads\/2025\/06\/484143987_1054829460010241_4411705446764500120_n-1.jpg 1080w\" sizes=\"(max-width: 1024px) 100vw, 1024px\" \/><\/a><\/figure>\n<\/figure>\n","protected":false},"excerpt":{"rendered":"<p>Ziua Interna\u021bional\u0103 a Epilepsiei este acum mai important\u0103 ca niciodat\u0103. Ziua Interna\u021bional\u0103 a Epilepsiei este o ini\u021biativ\u0103 cheie pe care comunitatea epilepsiei o va folosi pentru a impulsiona implementarea Planului de Ac\u021biune Global Intersectorial pe 10 ani al Organiza\u021biei Mondiale a S\u0103n\u0103t\u0103\u021bii [OMS] privind Epilepsia \u0219i alte Tulbur\u0103ri Neurologice (2022-2031)&#8230; <br \/><span class=\"meta-more\"><a href=\"http:\/\/www.aspe.ro\/index.php\/10-februarie-ziua-internationala-a-epilepsiei-este-o-initiativa-anuala-de-constientizare-organizata-de-biroul-international-pentru-epilepsie-ibe-si-liga-internationala-impotriva-epilepsiei-i\/\">Citeste tot articolul &raquo;<\/a><\/span><\/p>\n","protected":false},"author":1,"featured_media":815,"comment_status":"open","ping_status":"closed","sticky":false,"template":"","format":"standard","meta":{"ngg_post_thumbnail":0},"categories":[1],"tags":[],"_links":{"self":[{"href":"http:\/\/www.aspe.ro\/index.php\/wp-json\/wp\/v2\/posts\/818"}],"collection":[{"href":"http:\/\/www.aspe.ro\/index.php\/wp-json\/wp\/v2\/posts"}],"about":[{"href":"http:\/\/www.aspe.ro\/index.php\/wp-json\/wp\/v2\/types\/post"}],"author":[{"embeddable":true,"href":"http:\/\/www.aspe.ro\/index.php\/wp-json\/wp\/v2\/users\/1"}],"replies":[{"embeddable":true,"href":"http:\/\/www.aspe.ro\/index.php\/wp-json\/wp\/v2\/comments?post=818"}],"version-history":[{"count":2,"href":"http:\/\/www.aspe.ro\/index.php\/wp-json\/wp\/v2\/posts\/818\/revisions"}],"predecessor-version":[{"id":822,"href":"http:\/\/www.aspe.ro\/index.php\/wp-json\/wp\/v2\/posts\/818\/revisions\/822"}],"wp:featuredmedia":[{"embeddable":true,"href":"http:\/\/www.aspe.ro\/index.php\/wp-json\/wp\/v2\/media\/815"}],"wp:attachment":[{"href":"http:\/\/www.aspe.ro\/index.php\/wp-json\/wp\/v2\/media?parent=818"}],"wp:term":[{"taxonomy":"category","embeddable":true,"href":"http:\/\/www.aspe.ro\/index.php\/wp-json\/wp\/v2\/categories?post=818"},{"taxonomy":"post_tag","embeddable":true,"href":"http:\/\/www.aspe.ro\/index.php\/wp-json\/wp\/v2\/tags?post=818"}],"curies":[{"name":"wp","href":"https:\/\/api.w.org\/{rel}","templated":true}]}}