{"id":792,"date":"2024-09-11T08:34:00","date_gmt":"2024-09-11T08:34:00","guid":{"rendered":"https:\/\/www.aspe.ro\/?p=792"},"modified":"2024-11-11T08:35:13","modified_gmt":"2024-11-11T08:35:13","slug":"conventie-chapters-ibe-europe-12-si-13-septembrie-2024-la-roma","status":"publish","type":"post","link":"http:\/\/www.aspe.ro\/index.php\/conventie-chapters-ibe-europe-12-si-13-septembrie-2024-la-roma\/","title":{"rendered":"Conven\u021bie Chapters IBE Europe , 12 \u0219i 13 septembrie 2024 la Roma."},"content":{"rendered":"\n<p>Cu ocazia acestui prestigios eveniment de importan\u021b\u0103 deosebit\u0103 ne dorim sa conlucram activ printr-o abordare ampl\u0103 \u0219i detaliata dup\u0103 caz, pe cele trei jaloane principale pe domeniile cheie: proiecte \u0219i programe, politici \u0219i advocacy \u0219i cercetare \u0219i inovare.<\/p>\n\n\n\n<p>Cu acest prilej vom face un schimb util de p\u0103reri\/opinii\/viziuni particularizate individual \u00een func\u021bie de specificul din planul na\u021bional.<\/p>\n\n\n\n<p>Din aceast\u0103 perspectiv\u0103 pe care ne o dorim, practic, ne bucur\u0103m c\u0103 se pun bazele unei bune colabor\u0103ri \u00eentre noi prin realizarea re\u021belelor.<\/p>\n\n\n\n<figure class=\"wp-block-gallery has-nested-images columns-default is-cropped\">\n<figure class=\"wp-block-image size-large\"><a href=\"https:\/\/www.aspe.ro\/wp-content\/uploads\/2024\/11\/IBE-EUROPA-1-.jpg\"><img loading=\"lazy\" width=\"1024\" height=\"768\" data-id=\"794\"  src=\"https:\/\/www.aspe.ro\/wp-content\/uploads\/2024\/11\/IBE-EUROPA-1--1024x768.jpg\" alt=\"\" class=\"wp-image-794\" srcset=\"https:\/\/www.aspe.ro\/wp-content\/uploads\/2024\/11\/IBE-EUROPA-1--1024x768.jpg 1024w, https:\/\/www.aspe.ro\/wp-content\/uploads\/2024\/11\/IBE-EUROPA-1--300x225.jpg 300w, https:\/\/www.aspe.ro\/wp-content\/uploads\/2024\/11\/IBE-EUROPA-1--768x576.jpg 768w, https:\/\/www.aspe.ro\/wp-content\/uploads\/2024\/11\/IBE-EUROPA-1--1536x1152.jpg 1536w, https:\/\/www.aspe.ro\/wp-content\/uploads\/2024\/11\/IBE-EUROPA-1-.jpg 2048w\" sizes=\"(max-width: 1024px) 100vw, 1024px\" \/><\/a><\/figure>\n\n\n\n<figure class=\"wp-block-image size-large\"><a href=\"https:\/\/www.aspe.ro\/wp-content\/uploads\/2024\/11\/iBE-EUROPA3.jpg\"><img loading=\"lazy\" width=\"768\" height=\"1024\" data-id=\"793\"  src=\"https:\/\/www.aspe.ro\/wp-content\/uploads\/2024\/11\/iBE-EUROPA3-768x1024.jpg\" alt=\"\" class=\"wp-image-793\" srcset=\"https:\/\/www.aspe.ro\/wp-content\/uploads\/2024\/11\/iBE-EUROPA3-768x1024.jpg 768w, https:\/\/www.aspe.ro\/wp-content\/uploads\/2024\/11\/iBE-EUROPA3-225x300.jpg 225w, https:\/\/www.aspe.ro\/wp-content\/uploads\/2024\/11\/iBE-EUROPA3-1152x1536.jpg 1152w, https:\/\/www.aspe.ro\/wp-content\/uploads\/2024\/11\/iBE-EUROPA3.jpg 1200w\" sizes=\"(max-width: 768px) 100vw, 768px\" \/><\/a><\/figure>\n\n\n\n<figure class=\"wp-block-image size-large\"><a href=\"https:\/\/www.aspe.ro\/wp-content\/uploads\/2024\/11\/IBEEUROPA-2.jpg\"><img loading=\"lazy\" width=\"1024\" height=\"768\" data-id=\"795\"  src=\"https:\/\/www.aspe.ro\/wp-content\/uploads\/2024\/11\/IBEEUROPA-2-1024x768.jpg\" alt=\"\" class=\"wp-image-795\" srcset=\"https:\/\/www.aspe.ro\/wp-content\/uploads\/2024\/11\/IBEEUROPA-2-1024x768.jpg 1024w, https:\/\/www.aspe.ro\/wp-content\/uploads\/2024\/11\/IBEEUROPA-2-300x225.jpg 300w, https:\/\/www.aspe.ro\/wp-content\/uploads\/2024\/11\/IBEEUROPA-2-768x576.jpg 768w, https:\/\/www.aspe.ro\/wp-content\/uploads\/2024\/11\/IBEEUROPA-2-1536x1152.jpg 1536w, https:\/\/www.aspe.ro\/wp-content\/uploads\/2024\/11\/IBEEUROPA-2.jpg 2048w\" sizes=\"(max-width: 1024px) 100vw, 1024px\" \/><\/a><\/figure>\n<\/figure>\n","protected":false},"excerpt":{"rendered":"<p>Cu ocazia acestui prestigios eveniment de importan\u021b\u0103 deosebit\u0103 ne dorim sa conlucram activ printr-o abordare ampl\u0103 \u0219i detaliata dup\u0103 caz, pe cele trei jaloane principale pe domeniile cheie: proiecte \u0219i programe, politici \u0219i advocacy \u0219i cercetare \u0219i inovare. Cu acest prilej vom face un schimb util de p\u0103reri\/opinii\/viziuni particularizate individual&#8230; <br \/><span class=\"meta-more\"><a href=\"http:\/\/www.aspe.ro\/index.php\/conventie-chapters-ibe-europe-12-si-13-septembrie-2024-la-roma\/\">Citeste tot articolul &raquo;<\/a><\/span><\/p>\n","protected":false},"author":1,"featured_media":794,"comment_status":"open","ping_status":"open","sticky":false,"template":"","format":"standard","meta":{"ngg_post_thumbnail":0},"categories":[1],"tags":[],"_links":{"self":[{"href":"http:\/\/www.aspe.ro\/index.php\/wp-json\/wp\/v2\/posts\/792"}],"collection":[{"href":"http:\/\/www.aspe.ro\/index.php\/wp-json\/wp\/v2\/posts"}],"about":[{"href":"http:\/\/www.aspe.ro\/index.php\/wp-json\/wp\/v2\/types\/post"}],"author":[{"embeddable":true,"href":"http:\/\/www.aspe.ro\/index.php\/wp-json\/wp\/v2\/users\/1"}],"replies":[{"embeddable":true,"href":"http:\/\/www.aspe.ro\/index.php\/wp-json\/wp\/v2\/comments?post=792"}],"version-history":[{"count":1,"href":"http:\/\/www.aspe.ro\/index.php\/wp-json\/wp\/v2\/posts\/792\/revisions"}],"predecessor-version":[{"id":796,"href":"http:\/\/www.aspe.ro\/index.php\/wp-json\/wp\/v2\/posts\/792\/revisions\/796"}],"wp:featuredmedia":[{"embeddable":true,"href":"http:\/\/www.aspe.ro\/index.php\/wp-json\/wp\/v2\/media\/794"}],"wp:attachment":[{"href":"http:\/\/www.aspe.ro\/index.php\/wp-json\/wp\/v2\/media?parent=792"}],"wp:term":[{"taxonomy":"category","embeddable":true,"href":"http:\/\/www.aspe.ro\/index.php\/wp-json\/wp\/v2\/categories?post=792"},{"taxonomy":"post_tag","embeddable":true,"href":"http:\/\/www.aspe.ro\/index.php\/wp-json\/wp\/v2\/tags?post=792"}],"curies":[{"name":"wp","href":"https:\/\/api.w.org\/{rel}","templated":true}]}}