{"id":766,"date":"2024-11-01T09:22:00","date_gmt":"2024-11-01T09:22:00","guid":{"rendered":"https:\/\/www.aspe.ro\/?p=766"},"modified":"2024-11-11T08:23:43","modified_gmt":"2024-11-11T08:23:43","slug":"november-1-30-epilepsy-awareness-month-2024","status":"publish","type":"post","link":"http:\/\/www.aspe.ro\/index.php\/november-1-30-epilepsy-awareness-month-2024\/","title":{"rendered":"November 1-30, Epilepsy Awareness Month 2024"},"content":{"rendered":"\n<p>Noiembrie este \ud835\udddf\ud835\ude02\ud835\uddfb\ud835\uddee \ud835\uddf1\ud835\uddf2 \ud835\uddd6\ud835\uddfc\ud835\uddfb\ud835\ude00\ud835\ude01\ud835\uddf6\ud835\uddf2\ud835\uddfb\ud835\ude01\ud835\uddf6\ud835\ude07\ud835\uddee\ud835\uddff\ud835\uddf2 \ud835\uddee&nbsp;<a rel=\"noreferrer noopener\" target=\"_blank\" href=\"https:\/\/www.facebook.com\/hashtag\/%F0%9D%97%98%F0%9D%97%BD%F0%9D%97%B6%F0%9D%97%B9%F0%9D%97%B2%F0%9D%97%BD%F0%9D%98%80%F0%9D%97%B6%F0%9D%97%B2%F0%9D%97%B6?__eep__=6&amp;__cft__[0]=AZVPU9ir5X2QCH1dHg241z-UxMM9G23rIe-zJg7G9eH8BtA1sIn5iNDn-rx3-B5eaYGgcgGqNesSLu6Xx23GMjNArfxvW5kiC9bHTGicJllV16pLpbmRReJGuB0RcQrou9zq8fPiWOMiImeQzGYRKSXW&amp;__tn__=q\">#\ud835\uddd8\ud835\uddfd\ud835\uddf6\ud835\uddf9\ud835\uddf2\ud835\uddfd\ud835\ude00\ud835\uddf6\ud835\uddf2\ud835\uddf6<\/a>! Cu aceast\u0103 ocazie la nivel interna\u021bional sunt organizate numeroase evenimente care au ca scop principal cre\u015fterea gradului de cunoa\u0219tere a acestei afec\u021biuni neurologice, cre\u0219terea accesului la diagnosticare, tratament \u0219i \u00eengrijire medical\u0103 de calitate, dar \u0219i pentru a combate stigma foarte des \u00eent\u00e2lnit\u0103 atunci c\u00e2nd ne referim la epilepsie.Cu acest prilej Asocia\u021bia Pacien\u021bilor cu Epilepsie din Rom\u00e2nia&nbsp;<a rel=\"noreferrer noopener\" target=\"_blank\" href=\"https:\/\/www.facebook.com\/hashtag\/aspero?__eep__=6&amp;__cft__[0]=AZVPU9ir5X2QCH1dHg241z-UxMM9G23rIe-zJg7G9eH8BtA1sIn5iNDn-rx3-B5eaYGgcgGqNesSLu6Xx23GMjNArfxvW5kiC9bHTGicJllV16pLpbmRReJGuB0RcQrou9zq8fPiWOMiImeQzGYRKSXW&amp;__tn__=q\">#ASPERO<\/a>&nbsp;se asigur\u0103 c\u0103 \ud835\udde9\ud835\udde2\ud835\uddd6\ud835\uddd8\ud835\uddd4 \ud835\udde3\ud835\uddd4\ud835\uddd6\ud835\udddc\ud835\uddd8\ud835\udde1\ud835\udde7\ud835\udddc\ud835\udddf\ud835\udde2\ud835\udde5 este auzit\u0103 \u0219i organizeaz\u0103 un eveniment online pe 12 noiembrie 2024 (marti), \u00eentre orele 19:00 &#8211; 21:00, transmis Live pe Facebook, la care vor participa medici neurologi specializa\u021bi \u00een epilepsie.Moderator:<br><img loading=\"lazy\" height=\"16\" width=\"16\" alt=\"\ufffd\ufffd\" src=\"https:\/\/ecp.yusercontent.com\/mail?url=https%3A%2F%2Fstatic.xx.fbcdn.net%2Fimages%2Femoji.php%2Fv9%2Ft96%2F1%2F16%2F1f49c.png&amp;t=1731312845&amp;ymreqid=bc2fa1d8-eb12-8e00-1c33-d7000201b500&amp;sig=_zp.wxyK5j_Mr9PGrcWYNQ--~D\">&nbsp;Ileana Stefan, director executiv ASPEROMedici neurologi specializa\u021bi \u00een epilepsie:<br><img loading=\"lazy\" height=\"16\" width=\"16\" alt=\"\ufffd\ufffd\" src=\"https:\/\/ecp.yusercontent.com\/mail?url=https%3A%2F%2Fstatic.xx.fbcdn.net%2Fimages%2Femoji.php%2Fv9%2Ft96%2F1%2F16%2F1f49c.png&amp;t=1731312845&amp;ymreqid=bc2fa1d8-eb12-8e00-1c33-d7000201b500&amp;sig=_zp.wxyK5j_Mr9PGrcWYNQ--~D\">&nbsp;Conf. dr. Ioana M\u00eendru\u021b\u0103, SUUB<br><img loading=\"lazy\" height=\"16\" width=\"16\" alt=\"\ufffd\ufffd\" src=\"https:\/\/ecp.yusercontent.com\/mail?url=https%3A%2F%2Fstatic.xx.fbcdn.net%2Fimages%2Femoji.php%2Fv9%2Ft96%2F1%2F16%2F1f49c.png&amp;t=1731312845&amp;ymreqid=bc2fa1d8-eb12-8e00-1c33-d7000201b500&amp;sig=_zp.wxyK5j_Mr9PGrcWYNQ--~D\">&nbsp;Dr. Irina Oane, SUUB<br><img loading=\"lazy\" height=\"16\" width=\"16\" alt=\"\ufffd\ufffd\" src=\"https:\/\/ecp.yusercontent.com\/mail?url=https%3A%2F%2Fstatic.xx.fbcdn.net%2Fimages%2Femoji.php%2Fv9%2Ft96%2F1%2F16%2F1f49c.png&amp;t=1731312845&amp;ymreqid=bc2fa1d8-eb12-8e00-1c33-d7000201b500&amp;sig=_zp.wxyK5j_Mr9PGrcWYNQ--~D\">&nbsp;Dr. Andrei D\u0103neasa , SUU Elias<\/p>\n","protected":false},"excerpt":{"rendered":"<p>Noiembrie este \ud835\udddf\ud835\ude02\ud835\uddfb\ud835\uddee \ud835\uddf1\ud835\uddf2 \ud835\uddd6\ud835\uddfc\ud835\uddfb\ud835\ude00\ud835\ude01\ud835\uddf6\ud835\uddf2\ud835\uddfb\ud835\ude01\ud835\uddf6\ud835\ude07\ud835\uddee\ud835\uddff\ud835\uddf2 \ud835\uddee&nbsp;#\ud835\uddd8\ud835\uddfd\ud835\uddf6\ud835\uddf9\ud835\uddf2\ud835\uddfd\ud835\ude00\ud835\uddf6\ud835\uddf2\ud835\uddf6! Cu aceast\u0103 ocazie la nivel interna\u021bional sunt organizate numeroase evenimente care au ca scop principal cre\u015fterea gradului de cunoa\u0219tere a acestei afec\u021biuni neurologice, cre\u0219terea accesului la diagnosticare, tratament \u0219i \u00eengrijire medical\u0103 de calitate, dar \u0219i pentru a combate stigma foarte des \u00eent\u00e2lnit\u0103 atunci c\u00e2nd&#8230; <br \/><span class=\"meta-more\"><a href=\"http:\/\/www.aspe.ro\/index.php\/november-1-30-epilepsy-awareness-month-2024\/\">Citeste tot articolul &raquo;<\/a><\/span><\/p>\n","protected":false},"author":1,"featured_media":767,"comment_status":"open","ping_status":"open","sticky":false,"template":"","format":"standard","meta":{"ngg_post_thumbnail":0},"categories":[1],"tags":[],"_links":{"self":[{"href":"http:\/\/www.aspe.ro\/index.php\/wp-json\/wp\/v2\/posts\/766"}],"collection":[{"href":"http:\/\/www.aspe.ro\/index.php\/wp-json\/wp\/v2\/posts"}],"about":[{"href":"http:\/\/www.aspe.ro\/index.php\/wp-json\/wp\/v2\/types\/post"}],"author":[{"embeddable":true,"href":"http:\/\/www.aspe.ro\/index.php\/wp-json\/wp\/v2\/users\/1"}],"replies":[{"embeddable":true,"href":"http:\/\/www.aspe.ro\/index.php\/wp-json\/wp\/v2\/comments?post=766"}],"version-history":[{"count":1,"href":"http:\/\/www.aspe.ro\/index.php\/wp-json\/wp\/v2\/posts\/766\/revisions"}],"predecessor-version":[{"id":768,"href":"http:\/\/www.aspe.ro\/index.php\/wp-json\/wp\/v2\/posts\/766\/revisions\/768"}],"wp:featuredmedia":[{"embeddable":true,"href":"http:\/\/www.aspe.ro\/index.php\/wp-json\/wp\/v2\/media\/767"}],"wp:attachment":[{"href":"http:\/\/www.aspe.ro\/index.php\/wp-json\/wp\/v2\/media?parent=766"}],"wp:term":[{"taxonomy":"category","embeddable":true,"href":"http:\/\/www.aspe.ro\/index.php\/wp-json\/wp\/v2\/categories?post=766"},{"taxonomy":"post_tag","embeddable":true,"href":"http:\/\/www.aspe.ro\/index.php\/wp-json\/wp\/v2\/tags?post=766"}],"curies":[{"name":"wp","href":"https:\/\/api.w.org\/{rel}","templated":true}]}}