{"id":760,"date":"2024-11-01T08:19:00","date_gmt":"2024-11-01T08:19:00","guid":{"rendered":"https:\/\/www.aspe.ro\/?p=760"},"modified":"2024-11-11T08:21:52","modified_gmt":"2024-11-11T08:21:52","slug":"comunicat-de-presa-ziua-internationala-a-sindromului-lennox-gautaut","status":"publish","type":"post","link":"http:\/\/www.aspe.ro\/index.php\/comunicat-de-presa-ziua-internationala-a-sindromului-lennox-gautaut\/","title":{"rendered":"Comunicat de presa Ziua Internationala\u00a0a Sindromului Lennox Gautaut"},"content":{"rendered":"\n<p>ASPERO marcheaz\u0103 Ziua Interna\u021bional\u0103 a Sindromului Lennox-Gastaut, pentru prima dat\u0103 \u00een Rom\u00e2nia<\/p>\n\n\n\n<p>Asocia\u021bia Pacien\u021bilor cu Epilepsie din Rom\u00e2nia se al\u0103tur\u0103 comunit\u0103\u021bii interna\u021bionale \u0219i marcheaz\u0103 anul acesta, pentru prima dat\u0103 \u00een \u021bara noastr\u0103, Ziua Interna\u021bional\u0103 a Sindromului Lennox-Gastaut, o form\u0103 rar\u0103 \u0219i complex\u0103 de epilepsie. &nbsp; Noiembrie este luna de con\u0219tientizare a epilepsiei \u2013 Epilepsy Awareness Month,&nbsp; iar pe 1 noiembrie, Asocia\u021bia Pacien\u021bilor cu Epilepsie din Rom\u00e2nia (ASPERO), membr\u0103 a International Bureau of Epilepsy, se al\u0103tur\u0103 comunit\u0103\u021bii interna\u021bionale \u0219i marcheaz\u0103 Ziua Interna\u021bional\u0103 a Sindromului Lennox-Gastaut (LGS), cu scopul de a cre\u0219te gradul de con\u0219tientizare despre LGS \u0219i de a \u00eembun\u0103t\u0103\u021bi via\u021ba celor afecta\u021bi de aceast\u0103 form\u0103 rar\u0103 \u0219i complex\u0103 de epilepsie. Sindromul Lennox-Gastaut afecteaz\u0103 3-4% dintre copiii cu epilepsie, dar \u0219i adul\u021bii. Aproximativ 1-2% din popula\u021bia lumii este diagnosticat\u0103 cu acest sindrom, care pune limite \u00een via\u021ba pacien\u021bilor, prin episoade frecvente de convulsii, \u00eent\u00e2rzierea dezvolt\u0103rii \u0219i dificult\u0103\u021bi cognitive \u0219i are un impact profund asupra vie\u021bii pacien\u021bilor \u0219i familiilor acestora.&nbsp;<\/p>\n\n\n\n<p>Citeste mai mult:\u00a0<a rel=\"noreferrer noopener\" href=\"https:\/\/sanatateabuzoiana.ro\/aspero-marcheaza-ziua-internationala-a-sindromului-lennox-gastaut-pentru-prima-data-in-romania\/\" target=\"_blank\">https:\/\/sanatateabuzoiana.ro\/aspero-marcheaza-ziua-internationala-a-sindromului-lennox-gastaut-pentru-prima-data-in-romania\/<\/a><\/p>\n\n\n\n<figure class=\"wp-block-gallery has-nested-images columns-default is-cropped\">\n<figure class=\"wp-block-image size-large\"><a href=\"https:\/\/www.aspe.ro\/wp-content\/uploads\/2024\/11\/ASPERO_LGS_1-1.jpg\"><img loading=\"lazy\" width=\"1024\" height=\"1024\" data-id=\"762\"  src=\"https:\/\/www.aspe.ro\/wp-content\/uploads\/2024\/11\/ASPERO_LGS_1-1-1024x1024.jpg\" alt=\"\" class=\"wp-image-762\" srcset=\"https:\/\/www.aspe.ro\/wp-content\/uploads\/2024\/11\/ASPERO_LGS_1-1-1024x1024.jpg 1024w, https:\/\/www.aspe.ro\/wp-content\/uploads\/2024\/11\/ASPERO_LGS_1-1-300x300.jpg 300w, https:\/\/www.aspe.ro\/wp-content\/uploads\/2024\/11\/ASPERO_LGS_1-1-150x150.jpg 150w, https:\/\/www.aspe.ro\/wp-content\/uploads\/2024\/11\/ASPERO_LGS_1-1-768x768.jpg 768w, https:\/\/www.aspe.ro\/wp-content\/uploads\/2024\/11\/ASPERO_LGS_1-1.jpg 1200w\" sizes=\"(max-width: 1024px) 100vw, 1024px\" \/><\/a><\/figure>\n\n\n\n<figure class=\"wp-block-image size-large\"><a href=\"https:\/\/www.aspe.ro\/wp-content\/uploads\/2024\/11\/ASPERO_LGS_2-1.jpg\"><img loading=\"lazy\" width=\"1024\" height=\"1024\" data-id=\"764\"  src=\"https:\/\/www.aspe.ro\/wp-content\/uploads\/2024\/11\/ASPERO_LGS_2-1-1024x1024.jpg\" alt=\"\" class=\"wp-image-764\" srcset=\"https:\/\/www.aspe.ro\/wp-content\/uploads\/2024\/11\/ASPERO_LGS_2-1-1024x1024.jpg 1024w, https:\/\/www.aspe.ro\/wp-content\/uploads\/2024\/11\/ASPERO_LGS_2-1-300x300.jpg 300w, https:\/\/www.aspe.ro\/wp-content\/uploads\/2024\/11\/ASPERO_LGS_2-1-150x150.jpg 150w, https:\/\/www.aspe.ro\/wp-content\/uploads\/2024\/11\/ASPERO_LGS_2-1-768x768.jpg 768w, https:\/\/www.aspe.ro\/wp-content\/uploads\/2024\/11\/ASPERO_LGS_2-1.jpg 1200w\" sizes=\"(max-width: 1024px) 100vw, 1024px\" \/><\/a><\/figure>\n\n\n\n<figure class=\"wp-block-image size-large\"><a href=\"https:\/\/www.aspe.ro\/wp-content\/uploads\/2024\/11\/ASPERO_LGS_3-1.jpg\"><img loading=\"lazy\" width=\"1024\" height=\"1024\" data-id=\"763\"  src=\"https:\/\/www.aspe.ro\/wp-content\/uploads\/2024\/11\/ASPERO_LGS_3-1-1024x1024.jpg\" alt=\"\" class=\"wp-image-763\" srcset=\"https:\/\/www.aspe.ro\/wp-content\/uploads\/2024\/11\/ASPERO_LGS_3-1-1024x1024.jpg 1024w, https:\/\/www.aspe.ro\/wp-content\/uploads\/2024\/11\/ASPERO_LGS_3-1-300x300.jpg 300w, https:\/\/www.aspe.ro\/wp-content\/uploads\/2024\/11\/ASPERO_LGS_3-1-150x150.jpg 150w, https:\/\/www.aspe.ro\/wp-content\/uploads\/2024\/11\/ASPERO_LGS_3-1-768x768.jpg 768w, https:\/\/www.aspe.ro\/wp-content\/uploads\/2024\/11\/ASPERO_LGS_3-1.jpg 1200w\" sizes=\"(max-width: 1024px) 100vw, 1024px\" \/><\/a><\/figure>\n\n\n\n<figure class=\"wp-block-image size-large\"><a href=\"https:\/\/www.aspe.ro\/wp-content\/uploads\/2024\/11\/LGS-0.jpg\"><img loading=\"lazy\" width=\"526\" height=\"526\" data-id=\"761\"  src=\"https:\/\/www.aspe.ro\/wp-content\/uploads\/2024\/11\/LGS-0.jpg\" alt=\"\" class=\"wp-image-761\" srcset=\"https:\/\/www.aspe.ro\/wp-content\/uploads\/2024\/11\/LGS-0.jpg 526w, https:\/\/www.aspe.ro\/wp-content\/uploads\/2024\/11\/LGS-0-300x300.jpg 300w, https:\/\/www.aspe.ro\/wp-content\/uploads\/2024\/11\/LGS-0-150x150.jpg 150w\" sizes=\"(max-width: 526px) 100vw, 526px\" \/><\/a><\/figure>\n<\/figure>\n","protected":false},"excerpt":{"rendered":"<p>ASPERO marcheaz\u0103 Ziua Interna\u021bional\u0103 a Sindromului Lennox-Gastaut, pentru prima dat\u0103 \u00een Rom\u00e2nia Asocia\u021bia Pacien\u021bilor cu Epilepsie din Rom\u00e2nia se al\u0103tur\u0103 comunit\u0103\u021bii interna\u021bionale \u0219i marcheaz\u0103 anul acesta, pentru prima dat\u0103 \u00een \u021bara noastr\u0103, Ziua Interna\u021bional\u0103 a Sindromului Lennox-Gastaut, o form\u0103 rar\u0103 \u0219i complex\u0103 de epilepsie. &nbsp; Noiembrie este luna de con\u0219tientizare&#8230; <br \/><span class=\"meta-more\"><a href=\"http:\/\/www.aspe.ro\/index.php\/comunicat-de-presa-ziua-internationala-a-sindromului-lennox-gautaut\/\">Citeste tot articolul &raquo;<\/a><\/span><\/p>\n","protected":false},"author":1,"featured_media":761,"comment_status":"open","ping_status":"open","sticky":false,"template":"","format":"standard","meta":{"ngg_post_thumbnail":0},"categories":[1],"tags":[],"_links":{"self":[{"href":"http:\/\/www.aspe.ro\/index.php\/wp-json\/wp\/v2\/posts\/760"}],"collection":[{"href":"http:\/\/www.aspe.ro\/index.php\/wp-json\/wp\/v2\/posts"}],"about":[{"href":"http:\/\/www.aspe.ro\/index.php\/wp-json\/wp\/v2\/types\/post"}],"author":[{"embeddable":true,"href":"http:\/\/www.aspe.ro\/index.php\/wp-json\/wp\/v2\/users\/1"}],"replies":[{"embeddable":true,"href":"http:\/\/www.aspe.ro\/index.php\/wp-json\/wp\/v2\/comments?post=760"}],"version-history":[{"count":1,"href":"http:\/\/www.aspe.ro\/index.php\/wp-json\/wp\/v2\/posts\/760\/revisions"}],"predecessor-version":[{"id":765,"href":"http:\/\/www.aspe.ro\/index.php\/wp-json\/wp\/v2\/posts\/760\/revisions\/765"}],"wp:featuredmedia":[{"embeddable":true,"href":"http:\/\/www.aspe.ro\/index.php\/wp-json\/wp\/v2\/media\/761"}],"wp:attachment":[{"href":"http:\/\/www.aspe.ro\/index.php\/wp-json\/wp\/v2\/media?parent=760"}],"wp:term":[{"taxonomy":"category","embeddable":true,"href":"http:\/\/www.aspe.ro\/index.php\/wp-json\/wp\/v2\/categories?post=760"},{"taxonomy":"post_tag","embeddable":true,"href":"http:\/\/www.aspe.ro\/index.php\/wp-json\/wp\/v2\/tags?post=760"}],"curies":[{"name":"wp","href":"https:\/\/api.w.org\/{rel}","templated":true}]}}