{"id":741,"date":"2023-03-26T11:21:10","date_gmt":"2023-03-26T11:21:10","guid":{"rendered":"https:\/\/www.aspe.ro\/?p=741"},"modified":"2023-03-27T11:21:24","modified_gmt":"2023-03-27T11:21:24","slug":"26-martie-ziua-mondisala-de-lupta-impotriva-epilepsiei-cladirea-primariei-sibiu-este-iluminata-simbolic-in-mov","status":"publish","type":"post","link":"http:\/\/www.aspe.ro\/index.php\/26-martie-ziua-mondisala-de-lupta-impotriva-epilepsiei-cladirea-primariei-sibiu-este-iluminata-simbolic-in-mov\/","title":{"rendered":"26 martie- Ziua Mondisal\u0103 de lupt\u0103 \u00eempotriva epilepsiei &#8211; Cl\u0103direa Prim\u0103riei Sibiu este iluminat\u0103 simbolic \u00een mov"},"content":{"rendered":"\n<p>26 martie &#8211; Ziua Mondisal\u0103 de lupt\u0103 \u00eempotriva epilepsiei, una din cele mai vechi afec\u021biuni medicale cunoscute \u0219i a doua cea mai des \u00eent\u00e2lnit\u0103 afec\u021biune neurologic\u0103, dup\u0103 migren\u0103. Se estimeaz\u0103 c\u0103 65 de milioane de oameni din \u00eentreaga lume sufer\u0103 de epilepsie, ceea ce echivaleaz\u0103 cu o persoan\u0103 cu epilepsie la 100 de persoane s\u0103n\u0103toase. Epilepsia are impact \u0219i asupra familiilor celor diagnostica\u021bi, \u0219i chiar dac\u0103 este o boal\u0103 r\u0103sp\u00e2ndit\u0103, foarte multe persoane nu \u0219tiu ce sa fac\u0103 atunci c\u00e2nd asist\u0103 la o criz\u0103 epileptic\u0103.<\/p>\n\n\n\n<p>Pentru a atrage aten\u021bia asupra bolii \u0219i pentru a con\u0219tientiza cet\u0103\u021benii cu privire la necesitatea inform\u0103rii despre aceast\u0103 afec\u021biune.<\/p>\n\n\n\n<p>Cl\u0103direa Prim\u0103riei Sibiu este iluminat\u0103 simbolic \u00een mov \u00een aceast\u0103 seara<\/p>\n\n\n\n<p>Sursa stiridesibiu<\/p>\n","protected":false},"excerpt":{"rendered":"<p>26 martie &#8211; Ziua Mondisal\u0103 de lupt\u0103 \u00eempotriva epilepsiei, una din cele mai vechi afec\u021biuni medicale cunoscute \u0219i a doua cea mai des \u00eent\u00e2lnit\u0103 afec\u021biune neurologic\u0103, dup\u0103 migren\u0103. Se estimeaz\u0103 c\u0103 65 de milioane de oameni din \u00eentreaga lume sufer\u0103 de epilepsie, ceea ce echivaleaz\u0103 cu o persoan\u0103 cu epilepsie&#8230; <br \/><span class=\"meta-more\"><a href=\"http:\/\/www.aspe.ro\/index.php\/26-martie-ziua-mondisala-de-lupta-impotriva-epilepsiei-cladirea-primariei-sibiu-este-iluminata-simbolic-in-mov\/\">Citeste tot articolul &raquo;<\/a><\/span><\/p>\n","protected":false},"author":1,"featured_media":742,"comment_status":"open","ping_status":"open","sticky":false,"template":"","format":"standard","meta":{"ngg_post_thumbnail":0},"categories":[1],"tags":[],"_links":{"self":[{"href":"http:\/\/www.aspe.ro\/index.php\/wp-json\/wp\/v2\/posts\/741"}],"collection":[{"href":"http:\/\/www.aspe.ro\/index.php\/wp-json\/wp\/v2\/posts"}],"about":[{"href":"http:\/\/www.aspe.ro\/index.php\/wp-json\/wp\/v2\/types\/post"}],"author":[{"embeddable":true,"href":"http:\/\/www.aspe.ro\/index.php\/wp-json\/wp\/v2\/users\/1"}],"replies":[{"embeddable":true,"href":"http:\/\/www.aspe.ro\/index.php\/wp-json\/wp\/v2\/comments?post=741"}],"version-history":[{"count":1,"href":"http:\/\/www.aspe.ro\/index.php\/wp-json\/wp\/v2\/posts\/741\/revisions"}],"predecessor-version":[{"id":743,"href":"http:\/\/www.aspe.ro\/index.php\/wp-json\/wp\/v2\/posts\/741\/revisions\/743"}],"wp:featuredmedia":[{"embeddable":true,"href":"http:\/\/www.aspe.ro\/index.php\/wp-json\/wp\/v2\/media\/742"}],"wp:attachment":[{"href":"http:\/\/www.aspe.ro\/index.php\/wp-json\/wp\/v2\/media?parent=741"}],"wp:term":[{"taxonomy":"category","embeddable":true,"href":"http:\/\/www.aspe.ro\/index.php\/wp-json\/wp\/v2\/categories?post=741"},{"taxonomy":"post_tag","embeddable":true,"href":"http:\/\/www.aspe.ro\/index.php\/wp-json\/wp\/v2\/tags?post=741"}],"curies":[{"name":"wp","href":"https:\/\/api.w.org\/{rel}","templated":true}]}}