{"id":715,"date":"2023-03-25T06:37:42","date_gmt":"2023-03-25T06:37:42","guid":{"rendered":"https:\/\/www.aspe.ro\/?p=715"},"modified":"2023-03-27T06:38:22","modified_gmt":"2023-03-27T06:38:22","slug":"video-ileana-stefan-aspero-epilepsia-este-o-boala-neurologica-nu-psihiatrica-se-face-confuzia-intre-epilepsie-si-nebunie","status":"publish","type":"post","link":"http:\/\/www.aspe.ro\/index.php\/video-ileana-stefan-aspero-epilepsia-este-o-boala-neurologica-nu-psihiatrica-se-face-confuzia-intre-epilepsie-si-nebunie\/","title":{"rendered":"VIDEO Ileana \u0218tefan, ASPERO: Epilepsia este o boal\u0103 neurologic\u0103, nu psihiatric\u0103. Se face confuzia \u00eentre epilepsie \u0219i nebunie!\u00a0"},"content":{"rendered":"\n<p><strong>Stigmatizarea este cea mai mare problem\u0103 a rom\u00e2nilor cu epilepsie. Din acest motiv, unii dintre ei evit\u0103 s\u0103 declare c\u0103 sufer\u0103 de aceast\u0103 afec\u021biune. O cercetare a Asocia\u021biei Pacien\u021bilor cu Epilepsie din Rom\u00e2nia (ASPERO), realizat\u0103 cu ocazia PurpleDay2023 dar care va continua pe tot parcursul anului 2023, a scos la iveal\u0103 c\u0103 29% dintre rom\u00e2nii chestiona\u021bi nu au declarat diagnosticul de epilepsie la \u00eenscrierea la \u0219coal\u0103 sau la angajare, iar 33% \u0219i-au schimbat \u0219coala sau \u0219i-au pierdut jobul din cauza bolii.<\/strong><\/p>\n\n\n\n<p>ASPERO a realizat un sondaj \u00een r\u00e2ndul a peste 300 participan\u021bi privind nevoile persoanelor cu epilepsie \u0219i conform rezultatelor sondajului 29% dintre rom\u00e2nii cu epilepsie nu pot lucra din cauza diagnosticului.<\/p>\n\n\n\n<p><em>,,Avem \u0219i pacien\u021bi care refuz\u0103 s\u0103 mearg\u0103 la medic. Pe de o parte, din discu\u021biile purtate cu ei am \u00een\u021beles situa\u021bia. Noi avem o statistic\u0103: aproximativ 125.000 de oameni diagnostica\u021bi, dar din sursele speciali\u0219tilor num\u0103rul lor este aproape dublu. Pentru c\u0103 sunt foarte mul\u021bi pacien\u021bi cu forme u\u0219oare de epilepsie, nu sunt \u00eenregistra\u021bi ca fiind bolnavi cu epilepsie, de\u0219i ei \u00ee\u0219i iau tratamentul de epilepsie. Dar prefer\u0103 s\u0103 \u021bin\u0103 ascuns acest diagnostic\u201d,<\/em>&nbsp;a declarat Ileana \u0218tefan, director executiv ASPERO<\/p>\n\n\n\n<p>Pentru a nu-\u0219i pierde prietenii, jobul, mai ales c\u0103 mul\u021bi dintre pacien\u021bii cu epilepsie au func\u021bii de conducere, prefer\u0103 s\u0103 spun\u0103 de ce boal\u0103 sufer\u0103.<\/p>\n\n\n\n<p><em>,,Boala \u00een sine, epilepsia, este o boal\u0103 neurologic\u0103, nu psihiatric\u0103. Se face tot timpul confuzia \u00eentre epilepsie \u0219i nebunie\u201d,<\/em>&nbsp;a atras aten\u021bia directorul executiv ASPERO.<\/p>\n\n\n\n<p>Din cauza acestei percep\u021bii, sunt \u0219i pacien\u021bi care refuz\u0103 diagnosticul \u0219i al\u021bii care refuz\u0103 tratamentul.<\/p>\n\n\n\n<p><em>,,Dac\u0103 a\u0219 fi pacient, mi-a\u0219 lua tratamentul \u0219i-a\u0219 \u00eencerca s\u0103 lupt cu epilepsia. Via\u021ba noastr\u0103 de zi cu zi e o lupt\u0103. A\u0219a \u0219i a pacientului. Ea ar trebui s\u0103 fie o lupt\u0103 cu el, s\u0103-\u0219i demonstreze lui, nu trebuie s\u0103 demonstreze cuiva c\u0103 poate s\u0103 duc\u0103 o via\u021b\u0103 normal\u0103. Nu are nimeni dreptul s\u0103 ne priveze de aceast\u0103 via\u021b\u0103 normal\u0103. \u0218i \u00een general pacien\u021bii pot duce o via\u021b\u0103 normal\u0103\u201d<\/em>, a spus Ileana \u0218tefan.<\/p>\n\n\n\n<p>Teama de-a nu face crize de epilepsie reprezint\u0103 una dintre cele mai mari provoc\u0103ri ale acestor pacien\u021bilor fie ei copii, fie adul\u021bi.<\/p>\n\n\n\n<p>Directorul executiv ASPERO explic\u0103 ce s\u0103 facem c\u00e2nd asist\u0103m la o criz\u0103 de epilepsie f\u0103cut\u0103 de o persoan\u0103 aflat\u0103 l\u00e2ng\u0103 noi.<\/p>\n\n\n\n<p><em>,,\u00cen special \u00een cazul copiilor, \u00eentotdeauna r\u0103m\u00e2nem \u00een permanen\u021b\u0103 l\u00e2ng\u0103 persoana care se afl\u0103 \u00een criz\u0103, \u00eendep\u0103rt\u0103m toate obiectele contondente, tot ce ar putea fi dur, de care s-ar lovi persoana, s\u0103 nu se r\u0103neasc\u0103. Nu b\u0103g\u0103m nimic \u00een gur\u0103 conform miturilor din popor, nu-l mi\u0219c\u0103m brusc, nu-l tragem brusc, nu-i d\u0103m ap\u0103 sau m\u00e2ncare p\u00e2n\u0103 pacientul nu devine con\u0219tient\u201d<\/em>, a afirmat Ileana \u0218tefan.<\/p>\n\n\n\n<p>Dac\u0103 criza dureaz\u0103 mai mult de 5 minute, atunci e indicat s\u0103 sun\u0103m la Serviciul de Ambulan\u021b\u0103.&nbsp;<em>,,Se mai sun\u0103 la Salvare \u00een condi\u021biile \u00een care pacientul nu-\u0219i revine sau dup\u0103 prima criz\u0103 el intr\u0103 \u00eentr-o alt\u0103 criz\u0103\u201d<\/em>, a subliniat directorul executiv ASPERO.<\/p>\n\n\n\n<p>Dac\u0103 criza de epilepsie se produce \u00een public, \u00een cazul copiilor se recomand\u0103 \u00eendep\u0103rtarea privitorilor.<\/p>\n\n\n\n<p><em>,,Copilul \u00ee\u0219i revine dup\u0103 criz\u0103 \u0219i are nevoie de un timp poate pu\u021bin mai lung dec\u00e2t adultul, pentru a reveni \u00een mediul actual. De exemplu, dac\u0103 a avut criza loc la \u0219coal\u0103, ca s\u0103 revin\u0103 \u00een anturaj, \u00een fa\u021ba colegilor, el are nevoie de un timp mai \u00eendelungat s\u0103 accepte c\u0103 a avut acea criz\u0103 \u0219i dac\u0103 am avea educatori profesori care s\u0103 \u0219tie s\u0103-i \u00eencurajeze, c\u0103 totul a fost, a trecut, i-ar ajuta, i-ar \u00eencuraja foarte mult s\u0103 se deschid\u0103 \u00een fa\u021ba colegilor<\/em>, a concluzionat Ileana \u0218tefan.<\/p>\n\n\n\n<p>Vezi \u0219i:&nbsp;<a rel=\"noreferrer noopener\" target=\"_blank\" href=\"https:\/\/360medical.ro\/video\/video-ileana-stefan-ar-trebui-sa-acceptam-acest-diagnostic-de-epilepsie\/2022\/11\/22\/\">Ar trebui s\u0103 accept\u0103m acest diagnostic de epilepsie<\/a><\/p>\n\n\n\n<p><a rel=\"noreferrer noopener\" target=\"_blank\" href=\"https:\/\/360medical.ro\/video\/video-ileana-stefan-aspero-epilepsia-este-o-boala-neurologica-nu-psihiatrica-se-face-confuzia-intre-epilepsie-si-nebunie\/2023\/03\/24\/?fbclid=IwAR0n6rxu10uo06qKKg4RVnytUhZIKY67AQqFzGJ67KrDgCRS5e7jop0a2Xo\">VIDEO Ileana \u0218tefan, ASPERO: Epilepsia este o boal\u0103 neurologic\u0103, nu psihiatric\u0103. Se face confuzia \u00eentre epilepsie \u0219i nebunie! &#8211; 360medical.ro VIDEO Ileana \u0218tefan, ASPERO: Epilepsia este o boal\u0103 neurologic\u0103, nu psihiatric\u0103. Se face confuzia \u00eentre epilepsie \u0219i nebunie!<\/a><\/p>\n","protected":false},"excerpt":{"rendered":"<p>Stigmatizarea este cea mai mare problem\u0103 a rom\u00e2nilor cu epilepsie. Din acest motiv, unii dintre ei evit\u0103 s\u0103 declare c\u0103 sufer\u0103 de aceast\u0103 afec\u021biune. O cercetare a Asocia\u021biei Pacien\u021bilor cu Epilepsie din Rom\u00e2nia (ASPERO), realizat\u0103 cu ocazia PurpleDay2023 dar care va continua pe tot parcursul anului 2023, a scos la&#8230; <br \/><span class=\"meta-more\"><a href=\"http:\/\/www.aspe.ro\/index.php\/video-ileana-stefan-aspero-epilepsia-este-o-boala-neurologica-nu-psihiatrica-se-face-confuzia-intre-epilepsie-si-nebunie\/\">Citeste tot articolul &raquo;<\/a><\/span><\/p>\n","protected":false},"author":1,"featured_media":716,"comment_status":"closed","ping_status":"closed","sticky":false,"template":"","format":"standard","meta":{"ngg_post_thumbnail":0},"categories":[1],"tags":[],"_links":{"self":[{"href":"http:\/\/www.aspe.ro\/index.php\/wp-json\/wp\/v2\/posts\/715"}],"collection":[{"href":"http:\/\/www.aspe.ro\/index.php\/wp-json\/wp\/v2\/posts"}],"about":[{"href":"http:\/\/www.aspe.ro\/index.php\/wp-json\/wp\/v2\/types\/post"}],"author":[{"embeddable":true,"href":"http:\/\/www.aspe.ro\/index.php\/wp-json\/wp\/v2\/users\/1"}],"replies":[{"embeddable":true,"href":"http:\/\/www.aspe.ro\/index.php\/wp-json\/wp\/v2\/comments?post=715"}],"version-history":[{"count":1,"href":"http:\/\/www.aspe.ro\/index.php\/wp-json\/wp\/v2\/posts\/715\/revisions"}],"predecessor-version":[{"id":717,"href":"http:\/\/www.aspe.ro\/index.php\/wp-json\/wp\/v2\/posts\/715\/revisions\/717"}],"wp:featuredmedia":[{"embeddable":true,"href":"http:\/\/www.aspe.ro\/index.php\/wp-json\/wp\/v2\/media\/716"}],"wp:attachment":[{"href":"http:\/\/www.aspe.ro\/index.php\/wp-json\/wp\/v2\/media?parent=715"}],"wp:term":[{"taxonomy":"category","embeddable":true,"href":"http:\/\/www.aspe.ro\/index.php\/wp-json\/wp\/v2\/categories?post=715"},{"taxonomy":"post_tag","embeddable":true,"href":"http:\/\/www.aspe.ro\/index.php\/wp-json\/wp\/v2\/tags?post=715"}],"curies":[{"name":"wp","href":"https:\/\/api.w.org\/{rel}","templated":true}]}}