{"id":701,"date":"2023-03-26T06:33:22","date_gmt":"2023-03-26T06:33:22","guid":{"rendered":"https:\/\/www.aspe.ro\/?p=701"},"modified":"2023-03-27T06:34:05","modified_gmt":"2023-03-27T06:34:05","slug":"purpleday2023-campanie-anti-stigma-saynotostigma","status":"publish","type":"post","link":"http:\/\/www.aspe.ro\/index.php\/purpleday2023-campanie-anti-stigma-saynotostigma\/","title":{"rendered":"PurpleDay2023 &#8211; Campanie anti-stigm\u0103 #SayNoToStigma"},"content":{"rendered":"\n<p>Cu ocazia&nbsp;<a rel=\"noreferrer noopener\" target=\"_blank\" href=\"https:\/\/www.facebook.com\/hashtag\/purpleday2023?__eep__=6&amp;__cft__[0]=AZUNqjZxjwYqbz5k_rxnIKAbfApnOg-bSQn9uin8dqda7HMs8jkOLT0JBggSIQZG6xAuR4rjL7RIIegIbY8KO2b45t52y70D4g0hQwmtzPAZ54hddjxALSiJTEWRoig_jpqi27REqSwccOn51-p6PI9UzmqwQccAKuyk-xBZpzYijHEaYA1Gs0vwlt3pAhrH-DQ&amp;__tn__=*NK*F\">#PurpleDay2023<\/a>, Zi Mondial\u0103 de Con\u0219tientizare a Epilepsiei, Asocia\u021bia Pacien\u021bilor cu Epilepsie din Rom\u00e2nia (<a rel=\"noreferrer noopener\" target=\"_blank\" href=\"https:\/\/www.facebook.com\/hashtag\/aspero?__eep__=6&amp;__cft__[0]=AZUNqjZxjwYqbz5k_rxnIKAbfApnOg-bSQn9uin8dqda7HMs8jkOLT0JBggSIQZG6xAuR4rjL7RIIegIbY8KO2b45t52y70D4g0hQwmtzPAZ54hddjxALSiJTEWRoig_jpqi27REqSwccOn51-p6PI9UzmqwQccAKuyk-xBZpzYijHEaYA1Gs0vwlt3pAhrH-DQ&amp;__tn__=*NK*F\">#ASPERO<\/a>) a organizat o campanie anti-stigm\u0103&nbsp;<a rel=\"noreferrer noopener\" target=\"_blank\" href=\"https:\/\/www.facebook.com\/hashtag\/saynotostigma?__eep__=6&amp;__cft__[0]=AZUNqjZxjwYqbz5k_rxnIKAbfApnOg-bSQn9uin8dqda7HMs8jkOLT0JBggSIQZG6xAuR4rjL7RIIegIbY8KO2b45t52y70D4g0hQwmtzPAZ54hddjxALSiJTEWRoig_jpqi27REqSwccOn51-p6PI9UzmqwQccAKuyk-xBZpzYijHEaYA1Gs0vwlt3pAhrH-DQ&amp;__tn__=*NK*F\">#SayNoToStigma<\/a>, dedicat\u0103 sus\u021binerii persoanelor cu&nbsp;<a rel=\"noreferrer noopener\" target=\"_blank\" href=\"https:\/\/www.facebook.com\/hashtag\/epilepsie?__eep__=6&amp;__cft__[0]=AZUNqjZxjwYqbz5k_rxnIKAbfApnOg-bSQn9uin8dqda7HMs8jkOLT0JBggSIQZG6xAuR4rjL7RIIegIbY8KO2b45t52y70D4g0hQwmtzPAZ54hddjxALSiJTEWRoig_jpqi27REqSwccOn51-p6PI9UzmqwQccAKuyk-xBZpzYijHEaYA1Gs0vwlt3pAhrH-DQ&amp;__tn__=*NK*F\">#Epilepsie<\/a>&nbsp;din Rom\u00e2nia \u0219i a apar\u021bin\u0103torilor lor. Ace\u0219tia se confrunt\u0103 cu numeroase probleme privind stigmatizarea la locul de&nbsp;<a rel=\"noreferrer noopener\" target=\"_blank\" href=\"https:\/\/www.facebook.com\/hashtag\/munc%C4%83?__eep__=6&amp;__cft__[0]=AZUNqjZxjwYqbz5k_rxnIKAbfApnOg-bSQn9uin8dqda7HMs8jkOLT0JBggSIQZG6xAuR4rjL7RIIegIbY8KO2b45t52y70D4g0hQwmtzPAZ54hddjxALSiJTEWRoig_jpqi27REqSwccOn51-p6PI9UzmqwQccAKuyk-xBZpzYijHEaYA1Gs0vwlt3pAhrH-DQ&amp;__tn__=*NK*F\">#munc\u0103<\/a>,&nbsp;<a rel=\"noreferrer noopener\" target=\"_blank\" href=\"https:\/\/www.facebook.com\/hashtag\/gr%C4%83dini%C8%9B%C4%83?__eep__=6&amp;__cft__[0]=AZUNqjZxjwYqbz5k_rxnIKAbfApnOg-bSQn9uin8dqda7HMs8jkOLT0JBggSIQZG6xAuR4rjL7RIIegIbY8KO2b45t52y70D4g0hQwmtzPAZ54hddjxALSiJTEWRoig_jpqi27REqSwccOn51-p6PI9UzmqwQccAKuyk-xBZpzYijHEaYA1Gs0vwlt3pAhrH-DQ&amp;__tn__=*NK*F\">#gr\u0103dini\u021b\u0103<\/a>,&nbsp;<a rel=\"noreferrer noopener\" target=\"_blank\" href=\"https:\/\/www.facebook.com\/hashtag\/%C8%99coal%C4%83?__eep__=6&amp;__cft__[0]=AZUNqjZxjwYqbz5k_rxnIKAbfApnOg-bSQn9uin8dqda7HMs8jkOLT0JBggSIQZG6xAuR4rjL7RIIegIbY8KO2b45t52y70D4g0hQwmtzPAZ54hddjxALSiJTEWRoig_jpqi27REqSwccOn51-p6PI9UzmqwQccAKuyk-xBZpzYijHEaYA1Gs0vwlt3pAhrH-DQ&amp;__tn__=*NK*F\">#\u0219coal\u0103<\/a>, \u00een rela\u021biile de&nbsp;<a rel=\"noreferrer noopener\" target=\"_blank\" href=\"https:\/\/www.facebook.com\/hashtag\/familie?__eep__=6&amp;__cft__[0]=AZUNqjZxjwYqbz5k_rxnIKAbfApnOg-bSQn9uin8dqda7HMs8jkOLT0JBggSIQZG6xAuR4rjL7RIIegIbY8KO2b45t52y70D4g0hQwmtzPAZ54hddjxALSiJTEWRoig_jpqi27REqSwccOn51-p6PI9UzmqwQccAKuyk-xBZpzYijHEaYA1Gs0vwlt3pAhrH-DQ&amp;__tn__=*NK*F\">#familie<\/a>&nbsp;sau&nbsp;<a rel=\"noreferrer noopener\" target=\"_blank\" href=\"https:\/\/www.facebook.com\/hashtag\/cuplu?__eep__=6&amp;__cft__[0]=AZUNqjZxjwYqbz5k_rxnIKAbfApnOg-bSQn9uin8dqda7HMs8jkOLT0JBggSIQZG6xAuR4rjL7RIIegIbY8KO2b45t52y70D4g0hQwmtzPAZ54hddjxALSiJTEWRoig_jpqi27REqSwccOn51-p6PI9UzmqwQccAKuyk-xBZpzYijHEaYA1Gs0vwlt3pAhrH-DQ&amp;__tn__=*NK*F\">#cuplu<\/a>, din partea \u00eentregii societ\u0103\u021bi, \u00een fiecare zi din via\u021ba lor.<\/p>\n\n\n\n<p>Te invit\u0103m s\u0103 distribui pove\u0219tile de via\u021ba cu&nbsp;<a rel=\"noreferrer noopener\" target=\"_blank\" href=\"https:\/\/www.facebook.com\/hashtag\/epilepsie?__eep__=6&amp;__cft__[0]=AZUNqjZxjwYqbz5k_rxnIKAbfApnOg-bSQn9uin8dqda7HMs8jkOLT0JBggSIQZG6xAuR4rjL7RIIegIbY8KO2b45t52y70D4g0hQwmtzPAZ54hddjxALSiJTEWRoig_jpqi27REqSwccOn51-p6PI9UzmqwQccAKuyk-xBZpzYijHEaYA1Gs0vwlt3pAhrH-DQ&amp;__tn__=*NK*F\">#epilepsie<\/a>&nbsp;\u0219i s\u0103 aju\u021bi la con\u0219tientizarea acestei afec\u021biuni. Mul\u021bumim! Spune nu stigmei!<\/p>\n\n\n\n<p><a rel=\"noreferrer noopener\" href=\"https:\/\/www.facebook.com\/hashtag\/saynotostigma?__eep__=6&amp;__cft__[0]=AZUNqjZxjwYqbz5k_rxnIKAbfApnOg-bSQn9uin8dqda7HMs8jkOLT0JBggSIQZG6xAuR4rjL7RIIegIbY8KO2b45t52y70D4g0hQwmtzPAZ54hddjxALSiJTEWRoig_jpqi27REqSwccOn51-p6PI9UzmqwQccAKuyk-xBZpzYijHEaYA1Gs0vwlt3pAhrH-DQ&amp;__tn__=*NK*F\" target=\"_blank\">#SayNoToStigma<\/a><a rel=\"noreferrer noopener\" href=\"https:\/\/www.facebook.com\/hashtag\/purpleday2023?__eep__=6&amp;__cft__[0]=AZUNqjZxjwYqbz5k_rxnIKAbfApnOg-bSQn9uin8dqda7HMs8jkOLT0JBggSIQZG6xAuR4rjL7RIIegIbY8KO2b45t52y70D4g0hQwmtzPAZ54hddjxALSiJTEWRoig_jpqi27REqSwccOn51-p6PI9UzmqwQccAKuyk-xBZpzYijHEaYA1Gs0vwlt3pAhrH-DQ&amp;__tn__=*NK*F\" target=\"_blank\">#PurpleDay2023<\/a><a rel=\"noreferrer noopener\" href=\"https:\/\/www.facebook.com\/hashtag\/aspero?__eep__=6&amp;__cft__[0]=AZUNqjZxjwYqbz5k_rxnIKAbfApnOg-bSQn9uin8dqda7HMs8jkOLT0JBggSIQZG6xAuR4rjL7RIIegIbY8KO2b45t52y70D4g0hQwmtzPAZ54hddjxALSiJTEWRoig_jpqi27REqSwccOn51-p6PI9UzmqwQccAKuyk-xBZpzYijHEaYA1Gs0vwlt3pAhrH-DQ&amp;__tn__=*NK*F\" target=\"_blank\">#ASPERO<\/a><\/p>\n\n\n\n<figure class=\"wp-block-image size-large\"><a href=\"https:\/\/www.aspe.ro\/wp-content\/uploads\/2023\/03\/Antistigma_1-1.jpg\"><img loading=\"lazy\" width=\"1024\" height=\"576\" src=\"https:\/\/www.aspe.ro\/wp-content\/uploads\/2023\/03\/Antistigma_1-1-1024x576.jpg\" alt=\"\" class=\"wp-image-704\" srcset=\"https:\/\/www.aspe.ro\/wp-content\/uploads\/2023\/03\/Antistigma_1-1-1024x576.jpg 1024w, https:\/\/www.aspe.ro\/wp-content\/uploads\/2023\/03\/Antistigma_1-1-300x169.jpg 300w, https:\/\/www.aspe.ro\/wp-content\/uploads\/2023\/03\/Antistigma_1-1-768x432.jpg 768w, https:\/\/www.aspe.ro\/wp-content\/uploads\/2023\/03\/Antistigma_1-1-1536x864.jpg 1536w, https:\/\/www.aspe.ro\/wp-content\/uploads\/2023\/03\/Antistigma_1-1.jpg 1920w\" sizes=\"(max-width: 1024px) 100vw, 1024px\" \/><\/a><\/figure>\n\n\n\n<figure class=\"wp-block-image size-large\"><a href=\"https:\/\/www.aspe.ro\/wp-content\/uploads\/2023\/03\/Antistigma_2.jpg\"><img loading=\"lazy\" width=\"1024\" height=\"576\" src=\"https:\/\/www.aspe.ro\/wp-content\/uploads\/2023\/03\/Antistigma_2-1024x576.jpg\" alt=\"\" class=\"wp-image-705\" srcset=\"https:\/\/www.aspe.ro\/wp-content\/uploads\/2023\/03\/Antistigma_2-1024x576.jpg 1024w, https:\/\/www.aspe.ro\/wp-content\/uploads\/2023\/03\/Antistigma_2-300x169.jpg 300w, https:\/\/www.aspe.ro\/wp-content\/uploads\/2023\/03\/Antistigma_2-768x432.jpg 768w, https:\/\/www.aspe.ro\/wp-content\/uploads\/2023\/03\/Antistigma_2-1536x864.jpg 1536w, https:\/\/www.aspe.ro\/wp-content\/uploads\/2023\/03\/Antistigma_2.jpg 1920w\" sizes=\"(max-width: 1024px) 100vw, 1024px\" \/><\/a><\/figure>\n\n\n\n<figure class=\"wp-block-image size-large\"><a href=\"https:\/\/www.aspe.ro\/wp-content\/uploads\/2023\/03\/Antistigma_3.jpg\"><img loading=\"lazy\" width=\"1024\" height=\"576\" src=\"https:\/\/www.aspe.ro\/wp-content\/uploads\/2023\/03\/Antistigma_3-1024x576.jpg\" alt=\"\" class=\"wp-image-706\" srcset=\"https:\/\/www.aspe.ro\/wp-content\/uploads\/2023\/03\/Antistigma_3-1024x576.jpg 1024w, https:\/\/www.aspe.ro\/wp-content\/uploads\/2023\/03\/Antistigma_3-300x169.jpg 300w, https:\/\/www.aspe.ro\/wp-content\/uploads\/2023\/03\/Antistigma_3-768x432.jpg 768w, https:\/\/www.aspe.ro\/wp-content\/uploads\/2023\/03\/Antistigma_3-1536x864.jpg 1536w, https:\/\/www.aspe.ro\/wp-content\/uploads\/2023\/03\/Antistigma_3.jpg 1920w\" sizes=\"(max-width: 1024px) 100vw, 1024px\" \/><\/a><\/figure>\n\n\n\n<figure class=\"wp-block-image size-large\"><a href=\"https:\/\/www.aspe.ro\/wp-content\/uploads\/2023\/03\/Antistigma_4.jpg\"><img loading=\"lazy\" width=\"1024\" height=\"576\" src=\"https:\/\/www.aspe.ro\/wp-content\/uploads\/2023\/03\/Antistigma_4-1024x576.jpg\" alt=\"\" class=\"wp-image-707\" srcset=\"https:\/\/www.aspe.ro\/wp-content\/uploads\/2023\/03\/Antistigma_4-1024x576.jpg 1024w, https:\/\/www.aspe.ro\/wp-content\/uploads\/2023\/03\/Antistigma_4-300x169.jpg 300w, https:\/\/www.aspe.ro\/wp-content\/uploads\/2023\/03\/Antistigma_4-768x432.jpg 768w, https:\/\/www.aspe.ro\/wp-content\/uploads\/2023\/03\/Antistigma_4-1536x864.jpg 1536w, https:\/\/www.aspe.ro\/wp-content\/uploads\/2023\/03\/Antistigma_4.jpg 1920w\" sizes=\"(max-width: 1024px) 100vw, 1024px\" \/><\/a><\/figure>\n\n\n\n<figure class=\"wp-block-image size-large\"><a href=\"https:\/\/www.aspe.ro\/wp-content\/uploads\/2023\/03\/Antistigma_5-1.jpg\"><img loading=\"lazy\" width=\"1024\" height=\"576\" src=\"https:\/\/www.aspe.ro\/wp-content\/uploads\/2023\/03\/Antistigma_5-1-1024x576.jpg\" alt=\"\" class=\"wp-image-708\" srcset=\"https:\/\/www.aspe.ro\/wp-content\/uploads\/2023\/03\/Antistigma_5-1-1024x576.jpg 1024w, https:\/\/www.aspe.ro\/wp-content\/uploads\/2023\/03\/Antistigma_5-1-300x169.jpg 300w, https:\/\/www.aspe.ro\/wp-content\/uploads\/2023\/03\/Antistigma_5-1-768x432.jpg 768w, https:\/\/www.aspe.ro\/wp-content\/uploads\/2023\/03\/Antistigma_5-1-1536x864.jpg 1536w, https:\/\/www.aspe.ro\/wp-content\/uploads\/2023\/03\/Antistigma_5-1.jpg 1920w\" sizes=\"(max-width: 1024px) 100vw, 1024px\" \/><\/a><\/figure>\n\n\n\n<figure class=\"wp-block-image size-large\"><a href=\"https:\/\/www.aspe.ro\/wp-content\/uploads\/2023\/03\/Antistigma_6.jpg\"><img loading=\"lazy\" width=\"1024\" height=\"576\" src=\"https:\/\/www.aspe.ro\/wp-content\/uploads\/2023\/03\/Antistigma_6-1024x576.jpg\" alt=\"\" class=\"wp-image-709\" srcset=\"https:\/\/www.aspe.ro\/wp-content\/uploads\/2023\/03\/Antistigma_6-1024x576.jpg 1024w, https:\/\/www.aspe.ro\/wp-content\/uploads\/2023\/03\/Antistigma_6-300x169.jpg 300w, https:\/\/www.aspe.ro\/wp-content\/uploads\/2023\/03\/Antistigma_6-768x432.jpg 768w, https:\/\/www.aspe.ro\/wp-content\/uploads\/2023\/03\/Antistigma_6-1536x864.jpg 1536w, https:\/\/www.aspe.ro\/wp-content\/uploads\/2023\/03\/Antistigma_6.jpg 1920w\" sizes=\"(max-width: 1024px) 100vw, 1024px\" \/><\/a><\/figure>\n\n\n\n<figure class=\"wp-block-image size-large\"><a href=\"https:\/\/www.aspe.ro\/wp-content\/uploads\/2023\/03\/Antistigma_7-1.jpg\"><img loading=\"lazy\" width=\"1024\" height=\"576\" src=\"https:\/\/www.aspe.ro\/wp-content\/uploads\/2023\/03\/Antistigma_7-1-1024x576.jpg\" alt=\"\" class=\"wp-image-710\" srcset=\"https:\/\/www.aspe.ro\/wp-content\/uploads\/2023\/03\/Antistigma_7-1-1024x576.jpg 1024w, https:\/\/www.aspe.ro\/wp-content\/uploads\/2023\/03\/Antistigma_7-1-300x169.jpg 300w, https:\/\/www.aspe.ro\/wp-content\/uploads\/2023\/03\/Antistigma_7-1-768x432.jpg 768w, https:\/\/www.aspe.ro\/wp-content\/uploads\/2023\/03\/Antistigma_7-1-1536x864.jpg 1536w, https:\/\/www.aspe.ro\/wp-content\/uploads\/2023\/03\/Antistigma_7-1.jpg 1920w\" sizes=\"(max-width: 1024px) 100vw, 1024px\" \/><\/a><\/figure>\n\n\n\n<figure class=\"wp-block-image size-large\"><a href=\"https:\/\/www.aspe.ro\/wp-content\/uploads\/2023\/03\/Antistigma_8.jpg\"><img loading=\"lazy\" width=\"1024\" height=\"576\" src=\"https:\/\/www.aspe.ro\/wp-content\/uploads\/2023\/03\/Antistigma_8-1024x576.jpg\" alt=\"\" class=\"wp-image-711\" srcset=\"https:\/\/www.aspe.ro\/wp-content\/uploads\/2023\/03\/Antistigma_8-1024x576.jpg 1024w, https:\/\/www.aspe.ro\/wp-content\/uploads\/2023\/03\/Antistigma_8-300x169.jpg 300w, https:\/\/www.aspe.ro\/wp-content\/uploads\/2023\/03\/Antistigma_8-768x432.jpg 768w, https:\/\/www.aspe.ro\/wp-content\/uploads\/2023\/03\/Antistigma_8-1536x864.jpg 1536w, https:\/\/www.aspe.ro\/wp-content\/uploads\/2023\/03\/Antistigma_8.jpg 1920w\" sizes=\"(max-width: 1024px) 100vw, 1024px\" \/><\/a><\/figure>\n\n\n\n<figure class=\"wp-block-image size-large\"><a href=\"https:\/\/www.aspe.ro\/wp-content\/uploads\/2023\/03\/Antistigma_9-2.jpg\"><img loading=\"lazy\" width=\"1024\" height=\"576\" src=\"https:\/\/www.aspe.ro\/wp-content\/uploads\/2023\/03\/Antistigma_9-2-1024x576.jpg\" alt=\"\" class=\"wp-image-712\" srcset=\"https:\/\/www.aspe.ro\/wp-content\/uploads\/2023\/03\/Antistigma_9-2-1024x576.jpg 1024w, https:\/\/www.aspe.ro\/wp-content\/uploads\/2023\/03\/Antistigma_9-2-300x169.jpg 300w, https:\/\/www.aspe.ro\/wp-content\/uploads\/2023\/03\/Antistigma_9-2-768x432.jpg 768w, https:\/\/www.aspe.ro\/wp-content\/uploads\/2023\/03\/Antistigma_9-2-1536x864.jpg 1536w, https:\/\/www.aspe.ro\/wp-content\/uploads\/2023\/03\/Antistigma_9-2.jpg 1920w\" sizes=\"(max-width: 1024px) 100vw, 1024px\" \/><\/a><\/figure>\n\n\n\n<figure class=\"wp-block-image size-large\"><a href=\"https:\/\/www.aspe.ro\/wp-content\/uploads\/2023\/03\/Antistigma_10-1.jpg\"><img loading=\"lazy\" width=\"1024\" height=\"576\" src=\"https:\/\/www.aspe.ro\/wp-content\/uploads\/2023\/03\/Antistigma_10-1-1024x576.jpg\" alt=\"\" class=\"wp-image-713\" srcset=\"https:\/\/www.aspe.ro\/wp-content\/uploads\/2023\/03\/Antistigma_10-1-1024x576.jpg 1024w, https:\/\/www.aspe.ro\/wp-content\/uploads\/2023\/03\/Antistigma_10-1-300x169.jpg 300w, https:\/\/www.aspe.ro\/wp-content\/uploads\/2023\/03\/Antistigma_10-1-768x432.jpg 768w, https:\/\/www.aspe.ro\/wp-content\/uploads\/2023\/03\/Antistigma_10-1-1536x864.jpg 1536w, https:\/\/www.aspe.ro\/wp-content\/uploads\/2023\/03\/Antistigma_10-1.jpg 1920w\" sizes=\"(max-width: 1024px) 100vw, 1024px\" \/><\/a><\/figure>\n","protected":false},"excerpt":{"rendered":"<p>Cu ocazia&nbsp;#PurpleDay2023, Zi Mondial\u0103 de Con\u0219tientizare a Epilepsiei, Asocia\u021bia Pacien\u021bilor cu Epilepsie din Rom\u00e2nia (#ASPERO) a organizat o campanie anti-stigm\u0103&nbsp;#SayNoToStigma, dedicat\u0103 sus\u021binerii persoanelor cu&nbsp;#Epilepsie&nbsp;din Rom\u00e2nia \u0219i a apar\u021bin\u0103torilor lor. Ace\u0219tia se confrunt\u0103 cu numeroase probleme privind stigmatizarea la locul de&nbsp;#munc\u0103,&nbsp;#gr\u0103dini\u021b\u0103,&nbsp;#\u0219coal\u0103, \u00een rela\u021biile de&nbsp;#familie&nbsp;sau&nbsp;#cuplu, din partea \u00eentregii societ\u0103\u021bi, \u00een fiecare zi&#8230; <br \/><span class=\"meta-more\"><a href=\"http:\/\/www.aspe.ro\/index.php\/purpleday2023-campanie-anti-stigma-saynotostigma\/\">Citeste tot articolul &raquo;<\/a><\/span><\/p>\n","protected":false},"author":1,"featured_media":703,"comment_status":"closed","ping_status":"closed","sticky":false,"template":"","format":"standard","meta":{"ngg_post_thumbnail":0},"categories":[1],"tags":[],"_links":{"self":[{"href":"http:\/\/www.aspe.ro\/index.php\/wp-json\/wp\/v2\/posts\/701"}],"collection":[{"href":"http:\/\/www.aspe.ro\/index.php\/wp-json\/wp\/v2\/posts"}],"about":[{"href":"http:\/\/www.aspe.ro\/index.php\/wp-json\/wp\/v2\/types\/post"}],"author":[{"embeddable":true,"href":"http:\/\/www.aspe.ro\/index.php\/wp-json\/wp\/v2\/users\/1"}],"replies":[{"embeddable":true,"href":"http:\/\/www.aspe.ro\/index.php\/wp-json\/wp\/v2\/comments?post=701"}],"version-history":[{"count":2,"href":"http:\/\/www.aspe.ro\/index.php\/wp-json\/wp\/v2\/posts\/701\/revisions"}],"predecessor-version":[{"id":714,"href":"http:\/\/www.aspe.ro\/index.php\/wp-json\/wp\/v2\/posts\/701\/revisions\/714"}],"wp:featuredmedia":[{"embeddable":true,"href":"http:\/\/www.aspe.ro\/index.php\/wp-json\/wp\/v2\/media\/703"}],"wp:attachment":[{"href":"http:\/\/www.aspe.ro\/index.php\/wp-json\/wp\/v2\/media?parent=701"}],"wp:term":[{"taxonomy":"category","embeddable":true,"href":"http:\/\/www.aspe.ro\/index.php\/wp-json\/wp\/v2\/categories?post=701"},{"taxonomy":"post_tag","embeddable":true,"href":"http:\/\/www.aspe.ro\/index.php\/wp-json\/wp\/v2\/tags?post=701"}],"curies":[{"name":"wp","href":"https:\/\/api.w.org\/{rel}","templated":true}]}}