{"id":647,"date":"2022-03-17T09:52:00","date_gmt":"2022-03-17T09:52:00","guid":{"rendered":"https:\/\/www.aspe.ro\/?p=647"},"modified":"2022-03-24T08:11:16","modified_gmt":"2022-03-24T08:11:16","slug":"invitati-in-cadrul-conferintei-zilei-mondiale-a-epilepsiei-purpleday-2022-5","status":"publish","type":"post","link":"http:\/\/www.aspe.ro\/index.php\/invitati-in-cadrul-conferintei-zilei-mondiale-a-epilepsiei-purpleday-2022-5\/","title":{"rendered":"Invitati in cadrul conferintei Zilei Mondiale a Epilepsiei PurpleDay 2022"},"content":{"rendered":"\n<p>\u00cen cadrul conferin\u021bei dedicate Zilei Mondiale a Epilepsiei <a rel=\"noreferrer noopener\" target=\"_blank\" href=\"https:\/\/www.facebook.com\/hashtag\/purpleday?__eep__=6&amp;__cft__[0]=AZXd4Nkf1L2GQQ1dd9ZEWSywVIwS_hNu3a4Qfp2mb7r-JGYdn48Op92A_KrJ0ib6xUzUBhm-VPQN5dfrJKgh6aYgYvLblJRJiP7WpXWrRaIr1WWRKyt6sm2rqiM-YgNtSu0uEnejhQMWBjRmmJ97CFejDcmL-G2Zp1-mO6ZlHTvhwi7HlS7uA3c49wc12EBKP5Q&amp;__tn__=*NK-R\">#PurpleDay<\/a> 2022 cu scopul de a cre\u015fte gradul de con\u0219tientizare a acestei afec\u021biuni, de a solicita acces echitabil la diagnosticare, tratament \u0219i \u00eengrijire medical\u0103, dar \u0219i pentru a combate stigma asociat\u0103 acestei boli neurologice o avem invitat\u0103 pe Dna Dr. Irina Oane care face parte din prima genera\u021bie de tineri medici cu preg\u0103tire suplimentar\u0103 \u00een epileptologie, ob\u021binut\u0103 \u00een Rom\u00e2nia \u0219i \u00een centre specializate din Fran\u021ba \u0219i Germania. Medic cu competen\u021b\u0103 \u00een interpretarea inregistrarilor video electroencefalografice de lung\u0103 durat\u0103 iar experien\u021ba dumneaei vine \u00een \u00eent\u00e2mpinarea nevoilor pacien\u021bilor cu episoade de pierdere de con\u0219tien\u021b\u0103 \u0219i diverse forme de epilepsie precum epilepsia rezistent\u0103 la medicamente.<\/p>\n","protected":false},"excerpt":{"rendered":"<p>\u00cen cadrul conferin\u021bei dedicate Zilei Mondiale a Epilepsiei #PurpleDay 2022 cu scopul de a cre\u015fte gradul de con\u0219tientizare a acestei afec\u021biuni, de a solicita acces echitabil la diagnosticare, tratament \u0219i \u00eengrijire medical\u0103, dar \u0219i pentru a combate stigma asociat\u0103 acestei boli neurologice o avem invitat\u0103 pe Dna Dr. Irina Oane&#8230; <br \/><span class=\"meta-more\"><a href=\"http:\/\/www.aspe.ro\/index.php\/invitati-in-cadrul-conferintei-zilei-mondiale-a-epilepsiei-purpleday-2022-5\/\">Citeste tot articolul &raquo;<\/a><\/span><\/p>\n","protected":false},"author":1,"featured_media":663,"comment_status":"open","ping_status":"open","sticky":false,"template":"","format":"standard","meta":{"ngg_post_thumbnail":0},"categories":[1],"tags":[],"_links":{"self":[{"href":"http:\/\/www.aspe.ro\/index.php\/wp-json\/wp\/v2\/posts\/647"}],"collection":[{"href":"http:\/\/www.aspe.ro\/index.php\/wp-json\/wp\/v2\/posts"}],"about":[{"href":"http:\/\/www.aspe.ro\/index.php\/wp-json\/wp\/v2\/types\/post"}],"author":[{"embeddable":true,"href":"http:\/\/www.aspe.ro\/index.php\/wp-json\/wp\/v2\/users\/1"}],"replies":[{"embeddable":true,"href":"http:\/\/www.aspe.ro\/index.php\/wp-json\/wp\/v2\/comments?post=647"}],"version-history":[{"count":1,"href":"http:\/\/www.aspe.ro\/index.php\/wp-json\/wp\/v2\/posts\/647\/revisions"}],"predecessor-version":[{"id":649,"href":"http:\/\/www.aspe.ro\/index.php\/wp-json\/wp\/v2\/posts\/647\/revisions\/649"}],"wp:featuredmedia":[{"embeddable":true,"href":"http:\/\/www.aspe.ro\/index.php\/wp-json\/wp\/v2\/media\/663"}],"wp:attachment":[{"href":"http:\/\/www.aspe.ro\/index.php\/wp-json\/wp\/v2\/media?parent=647"}],"wp:term":[{"taxonomy":"category","embeddable":true,"href":"http:\/\/www.aspe.ro\/index.php\/wp-json\/wp\/v2\/categories?post=647"},{"taxonomy":"post_tag","embeddable":true,"href":"http:\/\/www.aspe.ro\/index.php\/wp-json\/wp\/v2\/tags?post=647"}],"curies":[{"name":"wp","href":"https:\/\/api.w.org\/{rel}","templated":true}]}}