{"id":601,"date":"2021-03-26T08:28:00","date_gmt":"2021-03-26T08:28:00","guid":{"rendered":"https:\/\/www.aspe.ro\/?p=601"},"modified":"2022-03-14T08:33:05","modified_gmt":"2022-03-14T08:33:05","slug":"marcam-astazi-ziua-mondiala-a-epilepsiei-cu-raspunsuri-la-intrebarile-dumneavoastra-purple-day-2021","status":"publish","type":"post","link":"http:\/\/www.aspe.ro\/index.php\/marcam-astazi-ziua-mondiala-a-epilepsiei-cu-raspunsuri-la-intrebarile-dumneavoastra-purple-day-2021\/","title":{"rendered":"Marcam astazi, Ziua Mondiala a Epilepsiei cu raspunsuri la intrebarile dumneavoastra! Purple Day 2021"},"content":{"rendered":"\n<p>Epilepsia este ca un incendiu \u00een interiorul creierului. \u015ei, ca orice incendiu, migreaz\u0103. Ne uit\u0103m spre o boal\u0103 care poate ap\u0103rea oric\u00e2nd. Iar criz\u0103 epileptic\u0103, \u00een func\u0163ie de localizare din creier, poate fi doar o scurt\u0103 b\u00e2lb\u00e2iala.<\/p>\n\n\n\n<p>\u015eapte din zece copii suferinzi de epilepsie pot \u0163ine boala sub control prin medica\u0163ie. 30 la sut\u0103 dintre micu\u0163ii afecta\u0163i vor avea \u00een continuare crize. Astfel de episoade scad capacitatea intelectual\u0103 pe termen lung. Pentru ei, interven\u0163iile chirurgicale reprezint\u0103 o solu\u0163ie de luat \u00een calcul.<br>&nbsp;<strong><br>Dr. Ioan M\u00e2ndru\u0163a, medic primar neurolog:&nbsp;<\/strong><em>\u201eDac\u0103 ne-am imagina creierul ca pe un ora\u015f mare cu multe cl\u0103diri \u015fi milioane de oameni, ace\u015ftia sunt neuronii. \u00cen acest ora\u015f izbucne\u015fte un incendiu, dureaz\u0103 pu\u0163in, dar las\u0103 urme ad\u00e2nci. Asta e criza epileptic\u0103.\u201d<\/em><\/p>\n\n\n\n<p>De la debutul crizei epileptice, cel mai important pentru neurolog este s\u0103 afle unde s-a declan\u015fat incendiul. Informa\u0163iile sunt \u00eenregistrare printr-o casc\u0103 cu senzori.<\/p>\n\n\n\n<p><strong>Dr. Ioan M\u00e2ndru\u0163a, medic primar neurolog:<\/strong><em>&nbsp;\u201eCu c\u00e2t \u00eenregistr\u0103m mai mult, avem mai multe&nbsp;informa\u0163iile \u015fi putem prezice mai bine unde se \u00eent\u00e2mpl\u0103 lucrurile. Aplic\u0103m un model simulat cu gps-ul \u015fi intepretam semnalele.\u201d<\/em><\/p>\n\n\n\n<p>Urmeaz\u0103 apoi un RMN cerebral, astfel \u00eenc\u00e2t medicul s\u0103 vad\u0103 dac\u0103 l\u00e2ng\u0103 focarul de epilepsie au fost afectate alte structuri.<br>Criza epileptic\u0103 poate ap\u0103rea la orice v\u00e2rst\u0103. \u015ei e atipic\u0103 \u00een func\u0163ie de zona cerebral\u0103 \u00een care apare. Unii pacien\u0163i se pot uita \u00een gol c\u00e2teva secunde, al\u0163ii se pot b\u00e2lb\u00e2i. \u00cen cele mai multe cazuri, medica\u0163ia este eficient\u0103. \u00cen unele cazuri, inteventia chirurgiala poate rezolva problema.<\/p>\n\n\n\n<p><a rel=\"noreferrer noopener\" target=\"_blank\" href=\"https:\/\/stirileprotv.ro\/stiri\/csid\/epilepsia-cum-poate-fi-depistata-si-tratata.html?fbclid=IwAR216HmczZxR2IjPz5dfRderfUhtV5UoCndbah3Gw56UOZb4TUdB55o8rZk\">Epilepsia: cum poate fi depistat\u0103 \u0219i tratat\u0103 &#8211; Stirileprotv.ro<\/a><\/p>\n","protected":false},"excerpt":{"rendered":"<p>Epilepsia este ca un incendiu \u00een interiorul creierului. \u015ei, ca orice incendiu, migreaz\u0103. Ne uit\u0103m spre o boal\u0103 care poate ap\u0103rea oric\u00e2nd. Iar criz\u0103 epileptic\u0103, \u00een func\u0163ie de localizare din creier, poate fi doar o scurt\u0103 b\u00e2lb\u00e2iala. \u015eapte din zece copii suferinzi de epilepsie pot \u0163ine boala sub control prin&#8230; <br \/><span class=\"meta-more\"><a href=\"http:\/\/www.aspe.ro\/index.php\/marcam-astazi-ziua-mondiala-a-epilepsiei-cu-raspunsuri-la-intrebarile-dumneavoastra-purple-day-2021\/\">Citeste tot articolul &raquo;<\/a><\/span><\/p>\n","protected":false},"author":1,"featured_media":606,"comment_status":"open","ping_status":"open","sticky":false,"template":"","format":"standard","meta":{"ngg_post_thumbnail":0},"categories":[1],"tags":[],"_links":{"self":[{"href":"http:\/\/www.aspe.ro\/index.php\/wp-json\/wp\/v2\/posts\/601"}],"collection":[{"href":"http:\/\/www.aspe.ro\/index.php\/wp-json\/wp\/v2\/posts"}],"about":[{"href":"http:\/\/www.aspe.ro\/index.php\/wp-json\/wp\/v2\/types\/post"}],"author":[{"embeddable":true,"href":"http:\/\/www.aspe.ro\/index.php\/wp-json\/wp\/v2\/users\/1"}],"replies":[{"embeddable":true,"href":"http:\/\/www.aspe.ro\/index.php\/wp-json\/wp\/v2\/comments?post=601"}],"version-history":[{"count":1,"href":"http:\/\/www.aspe.ro\/index.php\/wp-json\/wp\/v2\/posts\/601\/revisions"}],"predecessor-version":[{"id":603,"href":"http:\/\/www.aspe.ro\/index.php\/wp-json\/wp\/v2\/posts\/601\/revisions\/603"}],"wp:featuredmedia":[{"embeddable":true,"href":"http:\/\/www.aspe.ro\/index.php\/wp-json\/wp\/v2\/media\/606"}],"wp:attachment":[{"href":"http:\/\/www.aspe.ro\/index.php\/wp-json\/wp\/v2\/media?parent=601"}],"wp:term":[{"taxonomy":"category","embeddable":true,"href":"http:\/\/www.aspe.ro\/index.php\/wp-json\/wp\/v2\/categories?post=601"},{"taxonomy":"post_tag","embeddable":true,"href":"http:\/\/www.aspe.ro\/index.php\/wp-json\/wp\/v2\/tags?post=601"}],"curies":[{"name":"wp","href":"https:\/\/api.w.org\/{rel}","templated":true}]}}