{"id":595,"date":"2020-03-26T08:23:00","date_gmt":"2020-03-26T08:23:00","guid":{"rendered":"https:\/\/www.aspe.ro\/?p=595"},"modified":"2022-03-14T08:26:51","modified_gmt":"2022-03-14T08:26:51","slug":"ziua-de-constientizare-a-epilepsiei-purple-day-2020","status":"publish","type":"post","link":"http:\/\/www.aspe.ro\/index.php\/ziua-de-constientizare-a-epilepsiei-purple-day-2020\/","title":{"rendered":"Ziua de constientizare a Epilepsiei &#8211; Purple Day 2020"},"content":{"rendered":"\n<p>&#8220;Ghidul Pacientului cu Epilepsie rezistenta la tratament ERT&#8221;<\/p>\n\n\n\n<p>Ghidulde fa\u021b\u0103 este rodul muncii unor oameni dedica\u021bi care se apleac\u0103 permanent la problemele pacien\u021bilor cu epilepsie fat\u0103 de care ne exprim\u0103m \u00eentreaga noastr\u0103 apreciere \u0219i totodat\u0103 prin aceast\u0103 lucrare avem speran\u021ba c\u0103 se expliciteaz\u0103 foarte am\u0103nun\u021bit o serie de practici, metode, strategii care se adreseaz\u0103 si nespecialistilor \u00een epilepsie.<\/p>\n\n\n\n<p><a href=\"https:\/\/www.facebook.com\/2272905252974926\/photos\/pcb.2553767788222003\/2553763134889135\/?type=3&amp;theater\">https:\/\/www.facebook.com\/2272905252974926\/photos\/pcb.2553767788222003\/2553763134889135\/?type=3&amp;theater<\/a><\/p>\n","protected":false},"excerpt":{"rendered":"<p>&#8220;Ghidul Pacientului cu Epilepsie rezistenta la tratament ERT&#8221; Ghidulde fa\u021b\u0103 este rodul muncii unor oameni dedica\u021bi care se apleac\u0103 permanent la problemele pacien\u021bilor cu epilepsie fat\u0103 de care ne exprim\u0103m \u00eentreaga noastr\u0103 apreciere \u0219i totodat\u0103 prin aceast\u0103 lucrare avem speran\u021ba c\u0103 se expliciteaz\u0103 foarte am\u0103nun\u021bit o serie de practici, metode,&#8230; <br \/><span class=\"meta-more\"><a href=\"http:\/\/www.aspe.ro\/index.php\/ziua-de-constientizare-a-epilepsiei-purple-day-2020\/\">Citeste tot articolul &raquo;<\/a><\/span><\/p>\n","protected":false},"author":1,"featured_media":596,"comment_status":"open","ping_status":"open","sticky":false,"template":"","format":"standard","meta":{"ngg_post_thumbnail":0},"categories":[1],"tags":[],"_links":{"self":[{"href":"http:\/\/www.aspe.ro\/index.php\/wp-json\/wp\/v2\/posts\/595"}],"collection":[{"href":"http:\/\/www.aspe.ro\/index.php\/wp-json\/wp\/v2\/posts"}],"about":[{"href":"http:\/\/www.aspe.ro\/index.php\/wp-json\/wp\/v2\/types\/post"}],"author":[{"embeddable":true,"href":"http:\/\/www.aspe.ro\/index.php\/wp-json\/wp\/v2\/users\/1"}],"replies":[{"embeddable":true,"href":"http:\/\/www.aspe.ro\/index.php\/wp-json\/wp\/v2\/comments?post=595"}],"version-history":[{"count":1,"href":"http:\/\/www.aspe.ro\/index.php\/wp-json\/wp\/v2\/posts\/595\/revisions"}],"predecessor-version":[{"id":597,"href":"http:\/\/www.aspe.ro\/index.php\/wp-json\/wp\/v2\/posts\/595\/revisions\/597"}],"wp:featuredmedia":[{"embeddable":true,"href":"http:\/\/www.aspe.ro\/index.php\/wp-json\/wp\/v2\/media\/596"}],"wp:attachment":[{"href":"http:\/\/www.aspe.ro\/index.php\/wp-json\/wp\/v2\/media?parent=595"}],"wp:term":[{"taxonomy":"category","embeddable":true,"href":"http:\/\/www.aspe.ro\/index.php\/wp-json\/wp\/v2\/categories?post=595"},{"taxonomy":"post_tag","embeddable":true,"href":"http:\/\/www.aspe.ro\/index.php\/wp-json\/wp\/v2\/tags?post=595"}],"curies":[{"name":"wp","href":"https:\/\/api.w.org\/{rel}","templated":true}]}}