{"id":580,"date":"2020-07-15T12:24:40","date_gmt":"2020-07-15T12:24:40","guid":{"rendered":"https:\/\/www.aspe.ro\/?p=580"},"modified":"2022-02-28T12:30:29","modified_gmt":"2022-02-28T12:30:29","slug":"pacientii-cu-epilepsie-in-pandemia-covid-19-ileana-stefan-aspero-am-fost-nevoita-sa-intervin","status":"publish","type":"post","link":"http:\/\/www.aspe.ro\/index.php\/pacientii-cu-epilepsie-in-pandemia-covid-19-ileana-stefan-aspero-am-fost-nevoita-sa-intervin\/","title":{"rendered":"Pacien\u021bii cu epilepsie \u00een pandemia COVID-19. Ileana \u0218tefan (ASPERO): Am fost nevoit\u0103 s\u0103 intervin"},"content":{"rendered":"\n<p>\u00cen momentul instituirii st\u0103rii de urgen\u021b\u0103 \u00een Rom\u00e2nia, \u00een aprilie 2020, spitalele au fost efectiv \u00eenchise pacien\u021bilor cu boli cronice care aveau alte patologii dec\u00e2t cea dat\u0103 de infec\u021bia cu coronavirus \u0219i care nu au fost considera\u021bi \u201eurgen\u021be\u201d.<\/p>\n\n\n\n<p>Luni de zile, oameni cu afec\u021biuni precum epilepsia nu au avut acces la medicii speciali\u0219ti.&nbsp;<\/p>\n\n\n\n<p>&nbsp;Ileana \u0218tefan, directorul executiv al Asocia\u021biei Pacien\u021bilor cu Epilepsie din Rom\u00e2nia (ASPERO), a vorbit despre mesajul unui pacient care timp de trei luni nu a reu\u0219it s\u0103 ajung\u0103 la medicul curant, \u00een condi\u021biile \u00een care trecea printr-o situa\u021bie extrem de dificil\u0103. Acesta nu \u00ee\u0219i mai putea controla crizele. Din p\u0103cate, acesta nu a fost singurul caz care a \u00eent\u0103mpinat dificult\u0103\u021bi \u00een aceast\u0103 pandemie.&nbsp;<\/p>\n\n\n\n<p>&#8220;A fost o stare general\u0103. Nu a fost singurul mesaj primit. Doar c\u0103, de data aceasta, pacientul mi-a \u0219i scris, mi-a trimis un email pe pagina Asocia\u021biei. P<strong>acien\u021bii au avut de suferit, nu au mai avut acces la serviciile medicale de specialitate, dec\u00e2t dac\u0103 au avut o indica\u021bie urgent\u0103.<\/strong>&nbsp;Eu am \u00eencercat s\u0103 ascult to\u021bi pacien\u021bii, s\u0103 iau \u0219i pulsul din spital, de la medicii cu care comunic\u0103m. Foarte mul\u021bi au dorit s\u0103 ajung\u0103, neap\u0103rat, \u00een aceast\u0103 perioad\u0103. L<strong>a spital, faptul c\u0103 au fost \u00eenchise \u0219i ambulatoriile o perioad\u0103, a fost foarte complicat<\/strong>. Pentru c\u0103 ei, de fapt, nu au mai avut acces la niciun medic, dec\u00e2t dac\u0103, \u00eentr-adev\u0103r, era o situa\u021bie de urgen\u021b\u0103&#8221;, a explicat Ileana \u0218tefan.<\/p>\n\n\n\n<p>Mai mult, directorul ASPERO spune c\u0103 \u0219i accesul la medicamente a suferit blocaje.&nbsp;<\/p>\n\n\n\n<p><br>&#8220;A fost o situa\u021bie dificil\u0103 pentru c\u0103 mul\u021bi, chiar \u0219i medici, nu \u0219tiau ce s\u0103 fac\u0103. La un moment dat a trebuit s\u0103 intervenim \u0219i le spunem: da\u021bi-le pacien\u021bilor re\u021betele online. Ca m\u0103car s\u0103 poat\u0103 s\u0103 \u00ee\u0219i cumpere medica\u021bia.&nbsp;Am fost nevoit\u0103 s\u0103 intervin \u00een cazul unei paciente, fost cadru medical, care trebuia s\u0103-\u0219i procure un medicament care de la noi din \u021bar\u0103 a plecat, prin farmaciile online \u0219i trebuia adus din afar\u0103. Farmacia online, cei care aduc medicamentele din Austria,&nbsp;<strong>nu acceptau s\u0103-i primeasc\u0103 re\u021beta online. Ei voiau originalul.&nbsp;<\/strong>\u0218i a trebuit s\u0103 fac un mail deschis, cu antetetul asociatiei, s\u0103 iau efectiv, ordonan\u021ba, de pe site-ul Casei Na\u021bionale de Asigur\u0103ri \u0219i s\u0103 le explic c\u0103 nu e ca \u0219i cum nu dore\u0219te pacientul, efectiv nu se poate. \u00cen al doilea r\u00e2nd, din moment ce pacientul \u00ee\u0219i pl\u0103tea integral medica\u021bia, nu vedeam sensul re\u021betei \u00een original. \u00cen\u021belegeam s\u0103 solici\u021bi o re\u021bet\u0103 \u00een original, \u00een momentul \u00een care o decontai 100% sau 80%&#8221;, a mai spus aceasta.&nbsp;<\/p>\n\n\n\n<p>\u00a0Urm\u0103re\u0219te interviul integral, mai jos.<\/p>\n\n\n\n<p><a href=\"https:\/\/www.youtube.com\/watch?v=1bJf9FQp6PQ\">(4) Problemele pacien\u021bilor cu epilepsie, \u00een pandemie. Ileana \u0218tefan (ASPERO), la Interviurile DC Medical &#8211; YouTube<\/a><\/p>\n","protected":false},"excerpt":{"rendered":"<p>\u00cen momentul instituirii st\u0103rii de urgen\u021b\u0103 \u00een Rom\u00e2nia, \u00een aprilie 2020, spitalele au fost efectiv \u00eenchise pacien\u021bilor cu boli cronice care aveau alte patologii dec\u00e2t cea dat\u0103 de infec\u021bia cu coronavirus \u0219i care nu au fost considera\u021bi \u201eurgen\u021be\u201d. Luni de zile, oameni cu afec\u021biuni precum epilepsia nu au avut acces&#8230; <br \/><span class=\"meta-more\"><a href=\"http:\/\/www.aspe.ro\/index.php\/pacientii-cu-epilepsie-in-pandemia-covid-19-ileana-stefan-aspero-am-fost-nevoita-sa-intervin\/\">Citeste tot articolul &raquo;<\/a><\/span><\/p>\n","protected":false},"author":1,"featured_media":581,"comment_status":"open","ping_status":"open","sticky":false,"template":"","format":"standard","meta":{"ngg_post_thumbnail":0},"categories":[1],"tags":[],"_links":{"self":[{"href":"http:\/\/www.aspe.ro\/index.php\/wp-json\/wp\/v2\/posts\/580"}],"collection":[{"href":"http:\/\/www.aspe.ro\/index.php\/wp-json\/wp\/v2\/posts"}],"about":[{"href":"http:\/\/www.aspe.ro\/index.php\/wp-json\/wp\/v2\/types\/post"}],"author":[{"embeddable":true,"href":"http:\/\/www.aspe.ro\/index.php\/wp-json\/wp\/v2\/users\/1"}],"replies":[{"embeddable":true,"href":"http:\/\/www.aspe.ro\/index.php\/wp-json\/wp\/v2\/comments?post=580"}],"version-history":[{"count":1,"href":"http:\/\/www.aspe.ro\/index.php\/wp-json\/wp\/v2\/posts\/580\/revisions"}],"predecessor-version":[{"id":582,"href":"http:\/\/www.aspe.ro\/index.php\/wp-json\/wp\/v2\/posts\/580\/revisions\/582"}],"wp:featuredmedia":[{"embeddable":true,"href":"http:\/\/www.aspe.ro\/index.php\/wp-json\/wp\/v2\/media\/581"}],"wp:attachment":[{"href":"http:\/\/www.aspe.ro\/index.php\/wp-json\/wp\/v2\/media?parent=580"}],"wp:term":[{"taxonomy":"category","embeddable":true,"href":"http:\/\/www.aspe.ro\/index.php\/wp-json\/wp\/v2\/categories?post=580"},{"taxonomy":"post_tag","embeddable":true,"href":"http:\/\/www.aspe.ro\/index.php\/wp-json\/wp\/v2\/tags?post=580"}],"curies":[{"name":"wp","href":"https:\/\/api.w.org\/{rel}","templated":true}]}}