{"id":564,"date":"2019-09-04T09:46:49","date_gmt":"2019-09-04T09:46:49","guid":{"rendered":"http:\/\/www.aspe.ro\/?p=564"},"modified":"2019-09-04T09:47:17","modified_gmt":"2019-09-04T09:47:17","slug":"tara-in-care-epilepsia-se-trateaza-cu-dispret-si-incompetenta","status":"publish","type":"post","link":"http:\/\/www.aspe.ro\/index.php\/tara-in-care-epilepsia-se-trateaza-cu-dispret-si-incompetenta\/","title":{"rendered":"\u021aara \u00een care epilepsia se trateaz\u0103 cu dispre\u021b \u0219i incompeten\u021b\u0103"},"content":{"rendered":"<p>Aceasta este povestea unui mic e\u0219ec jurnalistic: un articol alambicat, care nu g\u0103se\u0219te nici un vinovat \u0219i nu identific\u0103 nicio solu\u021bie. De ce \u00eel public\u0103m? Pentru c\u0103 el are, totu\u0219i, calitatea de a scoate la lumin\u0103 absurdul din sistemul medical rom\u00e2nesc \u0219i neputin\u021ba celor care sunt nevoi\u021bi s\u0103-l \u00eenfrunte. <\/p>\n<p>\u00cen cazul nostru e vorba de bolnavii de epilepsie a c\u0103ror singur\u0103 \u0219ans\u0103 la o via\u021b\u0103 normal\u0103 este o opera\u021bie decontat\u0103 de statul rom\u00e2n. Programul medical exist\u0103, banii au fost aloca\u021bi \u0219i, totu\u0219i, oamenii nu ajung pe masa de opera\u021bie. Ceva, undeva se blocheaz\u0103.<\/p>\n<p><a href=\"https:\/\/recorder.ro\/tara-in-care-epilepsia-se-trateaza-cu-dispret-si-incompetenta-am-facut-praf-un-program-asteptat-de-sute-de-pacienti\/\" rel=\"noopener\" target=\"_blank\">Citeste mai mult<\/a><br \/>\nSursa: <a href=\"https:\/\/recorder.ro\/tara-in-care-epilepsia-se-trateaza-cu-dispret-si-incompetenta-am-facut-praf-un-program-asteptat-de-sute-de-pacienti\/\" rel=\"noopener\" target=\"_blank\">recorder.ro<\/a><\/p>\n","protected":false},"excerpt":{"rendered":"<p>Aceasta este povestea unui mic e\u0219ec jurnalistic: un articol alambicat, care nu g\u0103se\u0219te nici un vinovat \u0219i nu identific\u0103 nicio solu\u021bie. De ce \u00eel public\u0103m? Pentru c\u0103 el are, totu\u0219i, calitatea de a scoate la lumin\u0103 absurdul din sistemul medical rom\u00e2nesc \u0219i neputin\u021ba celor care sunt nevoi\u021bi s\u0103-l \u00eenfrunte. \u00cen&#8230; <br \/><span class=\"meta-more\"><a href=\"http:\/\/www.aspe.ro\/index.php\/tara-in-care-epilepsia-se-trateaza-cu-dispret-si-incompetenta\/\">Citeste tot articolul &raquo;<\/a><\/span><\/p>\n","protected":false},"author":1,"featured_media":565,"comment_status":"open","ping_status":"open","sticky":false,"template":"","format":"standard","meta":{"ngg_post_thumbnail":0},"categories":[1],"tags":[],"_links":{"self":[{"href":"http:\/\/www.aspe.ro\/index.php\/wp-json\/wp\/v2\/posts\/564"}],"collection":[{"href":"http:\/\/www.aspe.ro\/index.php\/wp-json\/wp\/v2\/posts"}],"about":[{"href":"http:\/\/www.aspe.ro\/index.php\/wp-json\/wp\/v2\/types\/post"}],"author":[{"embeddable":true,"href":"http:\/\/www.aspe.ro\/index.php\/wp-json\/wp\/v2\/users\/1"}],"replies":[{"embeddable":true,"href":"http:\/\/www.aspe.ro\/index.php\/wp-json\/wp\/v2\/comments?post=564"}],"version-history":[{"count":0,"href":"http:\/\/www.aspe.ro\/index.php\/wp-json\/wp\/v2\/posts\/564\/revisions"}],"wp:featuredmedia":[{"embeddable":true,"href":"http:\/\/www.aspe.ro\/index.php\/wp-json\/wp\/v2\/media\/565"}],"wp:attachment":[{"href":"http:\/\/www.aspe.ro\/index.php\/wp-json\/wp\/v2\/media?parent=564"}],"wp:term":[{"taxonomy":"category","embeddable":true,"href":"http:\/\/www.aspe.ro\/index.php\/wp-json\/wp\/v2\/categories?post=564"},{"taxonomy":"post_tag","embeddable":true,"href":"http:\/\/www.aspe.ro\/index.php\/wp-json\/wp\/v2\/tags?post=564"}],"curies":[{"name":"wp","href":"https:\/\/api.w.org\/{rel}","templated":true}]}}